{"id":5154,"date":"2018-10-18T17:26:13","date_gmt":"2018-10-18T20:26:13","guid":{"rendered":"http:\/\/www.ifbaiano.edu.br\/unidades\/valenca\/?p=5154"},"modified":"2019-01-17T12:31:13","modified_gmt":"2019-01-17T15:31:13","slug":"5154","status":"publish","type":"post","link":"https:\/\/www.ifbaiano.edu.br\/unidades\/valenca\/2018\/10\/18\/5154\/","title":{"rendered":"Manifesto da Rede Federal de Educa\u00e7\u00e3o Profissional e Tecnol\u00f3gica"},"content":{"rendered":"<p><a href=\"http:\/\/www.ifbaiano.edu.br\/unidades\/valenca\/files\/2018\/10\/Manifesto_rev_18-de-outubro_18_outubro-2018.jpg\"><img decoding=\"async\" loading=\"lazy\" class=\"alignnone size-full wp-image-5155\" src=\"http:\/\/www.ifbaiano.edu.br\/unidades\/valenca\/files\/2018\/10\/Manifesto_rev_18-de-outubro_18_outubro-2018.jpg\" alt=\"Manifesto_rev_18 de outubro_18_outubro 2018\" width=\"2367\" height=\"2748\" \/><\/a><\/p>\n","protected":false},"excerpt":{"rendered":"","protected":false},"author":102,"featured_media":5156,"comment_status":"open","ping_status":"open","sticky":false,"template":"","format":"standard","meta":[],"categories":[63],"tags":[],"_links":{"self":[{"href":"https:\/\/www.ifbaiano.edu.br\/unidades\/valenca\/wp-json\/wp\/v2\/posts\/5154"}],"collection":[{"href":"https:\/\/www.ifbaiano.edu.br\/unidades\/valenca\/wp-json\/wp\/v2\/posts"}],"about":[{"href":"https:\/\/www.ifbaiano.edu.br\/unidades\/valenca\/wp-json\/wp\/v2\/types\/post"}],"author":[{"embeddable":true,"href":"https:\/\/www.ifbaiano.edu.br\/unidades\/valenca\/wp-json\/wp\/v2\/users\/102"}],"replies":[{"embeddable":true,"href":"https:\/\/www.ifbaiano.edu.br\/unidades\/valenca\/wp-json\/wp\/v2\/comments?post=5154"}],"version-history":[{"count":2,"href":"https:\/\/www.ifbaiano.edu.br\/unidades\/valenca\/wp-json\/wp\/v2\/posts\/5154\/revisions"}],"predecessor-version":[{"id":5159,"href":"https:\/\/www.ifbaiano.edu.br\/unidades\/valenca\/wp-json\/wp\/v2\/posts\/5154\/revisions\/5159"}],"wp:featuredmedia":[{"embeddable":true,"href":"https:\/\/www.ifbaiano.edu.br\/unidades\/valenca\/wp-json\/wp\/v2\/media\/5156"}],"wp:attachment":[{"href":"https:\/\/www.ifbaiano.edu.br\/unidades\/valenca\/wp-json\/wp\/v2\/media?parent=5154"}],"wp:term":[{"taxonomy":"category","embeddable":true,"href":"https:\/\/www.ifbaiano.edu.br\/unidades\/valenca\/wp-json\/wp\/v2\/categories?post=5154"},{"taxonomy":"post_tag","embeddable":true,"href":"https:\/\/www.ifbaiano.edu.br\/unidades\/valenca\/wp-json\/wp\/v2\/tags?post=5154"}],"curies":[{"name":"wp","href":"https:\/\/api.w.org\/{rel}","templated":true}]}}