{"id":5167,"date":"2018-12-05T10:00:05","date_gmt":"2018-12-05T13:00:05","guid":{"rendered":"http:\/\/www.ifbaiano.edu.br\/unidades\/valenca\/?p=5167"},"modified":"2018-12-11T11:24:08","modified_gmt":"2018-12-11T14:24:08","slug":"bsi-boletim-de-servico-interno","status":"publish","type":"post","link":"https:\/\/www.ifbaiano.edu.br\/unidades\/valenca\/2018\/12\/05\/bsi-boletim-de-servico-interno\/","title":{"rendered":"BSI &#8211; Boletim de Servi\u00e7o Interno"},"content":{"rendered":"<div id=\"tituloNoticia\"><\/div>\n<div id=\"textoNoticia\">\n<div class=\"pf-content\">\n<p>Visando dar publicidade e transpar\u00eancia aos atos internos do Instituto, a\u00a0Diretoria de Gest\u00e3o de Pessoas est\u00e1 divulgando o Boletim de Servi\u00e7o Interno (BSI) do IF Baiano Campus Valen\u00e7a, conforme reza os princ\u00edpios da Administra\u00e7\u00e3o P\u00fablica. O Boletim de Servi\u00e7o Interno do IF Baiano \u00e9 publicado mensalmente e \u00e9 uma exig\u00eancia legal, disposta na a Lei 4.345, de 26 de junho de 1964.<\/p>\n<\/div>\n<p><strong>Novembro<\/strong><\/p>\n<p><a href=\"http:\/\/www.ifbaiano.edu.br\/unidades\/valenca\/files\/2018\/12\/2018-PORTARIAS-NOVEMBRO.pdf\">2018 &#8211; PORTARIAS NOVEMBRO<\/a><\/p>\n<p><b>Outubro<\/b><\/p>\n<p><a href=\"http:\/\/www.ifbaiano.edu.br\/unidades\/valenca\/files\/2018\/12\/2018-PORTARIAS-OUTUBRO.pdf\">2018 &#8211; PORTARIAS OUTUBRO<\/a><\/p>\n<p><b>Setembro<\/b><br \/>\n<a href=\"http:\/\/www.ifbaiano.edu.br\/unidades\/valenca\/files\/2018\/12\/2018-PORTARIAS-SETEMBRO.pdf\">2018 &#8211; PORTARIAS SETEMBRO<\/a><\/p>\n<p><strong>Agosto<\/strong><br \/>\n<a href=\"http:\/\/www.ifbaiano.edu.br\/unidades\/valenca\/files\/2018\/12\/2018-PORTARIAS-AGOSTO.pdf\">2018 &#8211; PORTARIAS AGOSTO<\/a><\/p>\n<p><strong>Julho<\/strong><br \/>\n<a href=\"http:\/\/www.ifbaiano.edu.br\/unidades\/valenca\/files\/2018\/12\/2018-PORTARIAS-JULHO.pdf\">2018 &#8211; PORTARIAS JULHO<\/a><\/p>\n<p><strong>Junho<\/strong><br \/>\n<a href=\"http:\/\/www.ifbaiano.edu.br\/unidades\/valenca\/files\/2018\/12\/2018-PORTARIAS-JUNHO.pdf\">2018 &#8211; PORTARIAS JUNHO<\/a><\/p>\n<p><strong>Maio<\/strong><br \/>\n<a href=\"http:\/\/www.ifbaiano.edu.br\/unidades\/valenca\/files\/2018\/12\/2018-PORTARIAS-MAIO.pdf\">2018 &#8211; PORTARIAS MAIO<\/a><\/p>\n<p><strong>Abril<\/strong><br \/>\n<a href=\"http:\/\/www.ifbaiano.edu.br\/unidades\/valenca\/files\/2018\/12\/2018-PORTARIAS-ABRIL.pdf\">2018 &#8211; PORTARIAS ABRIL<\/a><\/p>\n<p><strong>Mar\u00e7o<\/strong><br \/>\n<a href=\"http:\/\/www.ifbaiano.edu.br\/unidades\/valenca\/files\/2018\/12\/2018-PORTARIAS-MAR\u00c7O.pdf\">2018 &#8211; PORTARIAS MAR\u00c7O<\/a><\/p>\n<p><strong>Fevereiro<\/strong><br \/>\n<a href=\"http:\/\/www.ifbaiano.edu.br\/unidades\/valenca\/files\/2018\/12\/2018-PORTARIAS-FEVEREIRO.pdf\">2018 &#8211; PORTARIAS FEVEREIRO<\/a><\/p>\n<p><strong>Janeiro<\/strong><br \/>\n<a href=\"http:\/\/www.ifbaiano.edu.br\/unidades\/valenca\/files\/2018\/12\/2018-PORTARIAS-JANEIRO.pdf\">2018 &#8211; PORTARIAS JANEIRO<\/a><\/p>\n<\/div>\n","protected":false},"excerpt":{"rendered":"<p>Visando dar publicidade e transpar\u00eancia aos atos internos do Instituto, a\u00a0Diretoria de Gest\u00e3o de Pessoas est\u00e1 divulgando o Boletim de Servi\u00e7o Interno (BSI) do IF Baiano Campus Valen\u00e7a, conforme reza os princ\u00edpios da Administra\u00e7\u00e3o P\u00fablica. O Boletim de Servi\u00e7o Interno do IF Baiano \u00e9 publicado mensalmente e \u00e9 uma exig\u00eancia legal, disposta na a Lei [&hellip;]<\/p>\n","protected":false},"author":99,"featured_media":0,"comment_status":"open","ping_status":"open","sticky":false,"template":"","format":"standard","meta":[],"categories":[63],"tags":[],"_links":{"self":[{"href":"https:\/\/www.ifbaiano.edu.br\/unidades\/valenca\/wp-json\/wp\/v2\/posts\/5167"}],"collection":[{"href":"https:\/\/www.ifbaiano.edu.br\/unidades\/valenca\/wp-json\/wp\/v2\/posts"}],"about":[{"href":"https:\/\/www.ifbaiano.edu.br\/unidades\/valenca\/wp-json\/wp\/v2\/types\/post"}],"author":[{"embeddable":true,"href":"https:\/\/www.ifbaiano.edu.br\/unidades\/valenca\/wp-json\/wp\/v2\/users\/99"}],"replies":[{"embeddable":true,"href":"https:\/\/www.ifbaiano.edu.br\/unidades\/valenca\/wp-json\/wp\/v2\/comments?post=5167"}],"version-history":[{"count":3,"href":"https:\/\/www.ifbaiano.edu.br\/unidades\/valenca\/wp-json\/wp\/v2\/posts\/5167\/revisions"}],"predecessor-version":[{"id":5184,"href":"https:\/\/www.ifbaiano.edu.br\/unidades\/valenca\/wp-json\/wp\/v2\/posts\/5167\/revisions\/5184"}],"wp:attachment":[{"href":"https:\/\/www.ifbaiano.edu.br\/unidades\/valenca\/wp-json\/wp\/v2\/media?parent=5167"}],"wp:term":[{"taxonomy":"category","embeddable":true,"href":"https:\/\/www.ifbaiano.edu.br\/unidades\/valenca\/wp-json\/wp\/v2\/categories?post=5167"},{"taxonomy":"post_tag","embeddable":true,"href":"https:\/\/www.ifbaiano.edu.br\/unidades\/valenca\/wp-json\/wp\/v2\/tags?post=5167"}],"curies":[{"name":"wp","href":"https:\/\/api.w.org\/{rel}","templated":true}]}}