{"id":5189,"date":"2019-02-08T11:01:23","date_gmt":"2019-02-08T14:01:23","guid":{"rendered":"http:\/\/www.ifbaiano.edu.br\/unidades\/valenca\/?p=5189"},"modified":"2019-02-08T11:11:43","modified_gmt":"2019-02-08T14:11:43","slug":"campus-abre-inscricoes-para-vagas-remanescentes-em-cursos-tecnicos","status":"publish","type":"post","link":"https:\/\/www.ifbaiano.edu.br\/unidades\/valenca\/2019\/02\/08\/campus-abre-inscricoes-para-vagas-remanescentes-em-cursos-tecnicos\/","title":{"rendered":"Campus abre inscri\u00e7\u00f5es para vagas remanescentes em cursos t\u00e9cnicos"},"content":{"rendered":"<p>De 11 a 22 de fevereiro, o<strong> Instituto Federal Baiano <em>Campus<\/em> Valen\u00e7a<\/strong> abre inscri\u00e7\u00f5es para vagas remanescentes dos cursos t\u00e9cnicos da forma subsequente\u00a0em Agropecu\u00e1ria (vespertino) e em Meio Ambiente (matutino e noturno). Aprovados ir\u00e3o ingressar no semestre 2019.1.<\/p>\n<p>Pode participar da sele\u00e7\u00e3o, quem j\u00e1 concluiu o ensino m\u00e9dio.\u00a0O curso \u00e9 gratuito e a sele\u00e7\u00e3o ocorre por meio de <strong>manifesta\u00e7\u00e3o presencial de interesse na vaga diretamente no Campus Valen\u00e7a<\/strong>, onde o curso ser\u00e1 ofertado. A classifica\u00e7\u00e3o dos candidatos ser\u00e1 dada por\u00a0meio da ordem de chegada durante o per\u00edodo compreendido entre 11 e 22 de fevereiro de 2019 no hor\u00e1rio de funcionamento da Secretaria Acad\u00eamica do <em>campus<\/em> (08:00 \u00e0s 17:00). O <em>Campus <\/em>Valen\u00e7a est\u00e1 localizado na Rua Glic\u00e9rio Tavares, Sn, Bate Quente, Valen\u00e7a \u2013 BA.<\/p>\n<p><strong>Reserva de Vagas<\/strong> &#8211; este processo seletivo reserva\u00a070% das vagas em oferta para estudantes oriundos de Escolas P\u00fablicas, 5% para Pessoas com defici\u00eancia\u00a0 em torno de 70%, e as demais vagas para Ampla Concorr\u00eancia.<\/p>\n<p>Todos os detalhes est\u00e3o dispostos\u00a0em <a href=\"http:\/\/concurso.ifbaiano.edu.br\/portal\/ingresso-de-estudantes-2019\/wp-content\/uploads\/sites\/183\/2019\/02\/Edital-de-Matr%C3%ADcula-n%C2%BA-04-Vagas-Remanescentes-Valen%C3%A7a.pdf\" target=\"_blank\">Edital<\/a>, dispon\u00edvel na<a href=\"http:\/\/concurso.ifbaiano.edu.br\/portal\/proeja-2019\/\"> p\u00e1gina do processo de Ingresso de Estudantes 2019<\/a>.<\/p>\n","protected":false},"excerpt":{"rendered":"<p>De 11 a 22 de fevereiro, o Instituto Federal Baiano Campus Valen\u00e7a abre inscri\u00e7\u00f5es para vagas remanescentes dos cursos t\u00e9cnicos da forma subsequente\u00a0em Agropecu\u00e1ria (vespertino) e em Meio Ambiente (matutino e noturno). Aprovados ir\u00e3o ingressar no semestre 2019.1. Pode participar da sele\u00e7\u00e3o, quem j\u00e1 concluiu o ensino m\u00e9dio.\u00a0O curso \u00e9 gratuito e a sele\u00e7\u00e3o ocorre [&hellip;]<\/p>\n","protected":false},"author":76,"featured_media":5194,"comment_status":"open","ping_status":"open","sticky":false,"template":"","format":"standard","meta":[],"categories":[5,63],"tags":[74,73],"_links":{"self":[{"href":"https:\/\/www.ifbaiano.edu.br\/unidades\/valenca\/wp-json\/wp\/v2\/posts\/5189"}],"collection":[{"href":"https:\/\/www.ifbaiano.edu.br\/unidades\/valenca\/wp-json\/wp\/v2\/posts"}],"about":[{"href":"https:\/\/www.ifbaiano.edu.br\/unidades\/valenca\/wp-json\/wp\/v2\/types\/post"}],"author":[{"embeddable":true,"href":"https:\/\/www.ifbaiano.edu.br\/unidades\/valenca\/wp-json\/wp\/v2\/users\/76"}],"replies":[{"embeddable":true,"href":"https:\/\/www.ifbaiano.edu.br\/unidades\/valenca\/wp-json\/wp\/v2\/comments?post=5189"}],"version-history":[{"count":4,"href":"https:\/\/www.ifbaiano.edu.br\/unidades\/valenca\/wp-json\/wp\/v2\/posts\/5189\/revisions"}],"predecessor-version":[{"id":5195,"href":"https:\/\/www.ifbaiano.edu.br\/unidades\/valenca\/wp-json\/wp\/v2\/posts\/5189\/revisions\/5195"}],"wp:featuredmedia":[{"embeddable":true,"href":"https:\/\/www.ifbaiano.edu.br\/unidades\/valenca\/wp-json\/wp\/v2\/media\/5194"}],"wp:attachment":[{"href":"https:\/\/www.ifbaiano.edu.br\/unidades\/valenca\/wp-json\/wp\/v2\/media?parent=5189"}],"wp:term":[{"taxonomy":"category","embeddable":true,"href":"https:\/\/www.ifbaiano.edu.br\/unidades\/valenca\/wp-json\/wp\/v2\/categories?post=5189"},{"taxonomy":"post_tag","embeddable":true,"href":"https:\/\/www.ifbaiano.edu.br\/unidades\/valenca\/wp-json\/wp\/v2\/tags?post=5189"}],"curies":[{"name":"wp","href":"https:\/\/api.w.org\/{rel}","templated":true}]}}