{"id":5232,"date":"2019-11-19T13:05:39","date_gmt":"2019-11-19T16:05:39","guid":{"rendered":"http:\/\/www.ifbaiano.edu.br\/unidades\/valenca\/?p=5232"},"modified":"2019-11-27T14:50:40","modified_gmt":"2019-11-27T17:50:40","slug":"edital-n-137-de-13-de-novembro-de-2019","status":"publish","type":"post","link":"https:\/\/www.ifbaiano.edu.br\/unidades\/valenca\/2019\/11\/19\/edital-n-137-de-13-de-novembro-de-2019\/","title":{"rendered":"40 vagas em Forma\u00e7\u00e3o em Cooperativismo"},"content":{"rendered":"\n<p>O Pr\u00f3-reitor de Extens\u00e3o do Instituto Federal de Educa\u00e7\u00e3o, Ci\u00eancia e Tecnologia Baiano torna p\u00fablica a abertura de inscri\u00e7\u00f5es no per\u00edodo estabelecido no cronograma deste edital, para provimento de vagas nos cursos de Qualifica\u00e7\u00e3o Profissional, na modalidade de Forma\u00e7\u00e3o Inicial e\/ou Continuada \u2013 FIC que ser\u00e3o ofertados no Campus Valen\u00e7a.<\/p>\n\n\n\n<p>Confira abaixo os arquivos sobre este Processo Seletivo:<\/p>\n\n\n\n<p><a href=\"http:\/\/www.ifbaiano.edu.br\/unidades\/valenca\/files\/2019\/11\/Lista-de-selecionados-FIC-Cooperativismo-20192.pdf\"><strong>Rela\u00e7\u00e3o de selecionados para o curso de Forma\u00e7\u00e3o em Cooperativismo<\/strong><\/a> <\/p>\n\n\n\n<p><strong><a href=\"http:\/\/www.ifbaiano.edu.br\/unidades\/valenca\/files\/2019\/11\/Edital-Curso-Forma%C3%A7%C3%A3o-em-Cooperativismo-20192-val.pdf\" target=\"_blank\" rel=\"noreferrer noopener\" aria-label=\"Edital n\u00b0 133 - Curso FIC - Forma\u00e7\u00e3o em Cooperativismo  (abre numa nova aba)\">Edital n\u00b0 133 &#8211; Curso FIC &#8211; Forma\u00e7\u00e3o em Cooperativismo<\/a><\/strong><a href=\"http:\/\/www.ifbaiano.edu.br\/unidades\/valenca\/files\/2019\/11\/Edital-Curso-Forma%C3%A7%C3%A3o-em-Cooperativismo-20192-val.pdf\" target=\"_blank\" rel=\"noreferrer noopener\" aria-label=\"Edital n\u00b0 133 - Curso FIC - Forma\u00e7\u00e3o em Cooperativismo  (abre numa nova aba)\"> <\/a><\/p>\n","protected":false},"excerpt":{"rendered":"<p>O IF Baiano &#8211; Campus Valen\u00e7a est\u00e1 oferecendo curso FIC para in\u00edcio em dezembro de 2019.<\/p>\n","protected":false},"author":125,"featured_media":5240,"comment_status":"open","ping_status":"open","sticky":false,"template":"","format":"standard","meta":[],"categories":[5,35],"tags":[],"_links":{"self":[{"href":"https:\/\/www.ifbaiano.edu.br\/unidades\/valenca\/wp-json\/wp\/v2\/posts\/5232"}],"collection":[{"href":"https:\/\/www.ifbaiano.edu.br\/unidades\/valenca\/wp-json\/wp\/v2\/posts"}],"about":[{"href":"https:\/\/www.ifbaiano.edu.br\/unidades\/valenca\/wp-json\/wp\/v2\/types\/post"}],"author":[{"embeddable":true,"href":"https:\/\/www.ifbaiano.edu.br\/unidades\/valenca\/wp-json\/wp\/v2\/users\/125"}],"replies":[{"embeddable":true,"href":"https:\/\/www.ifbaiano.edu.br\/unidades\/valenca\/wp-json\/wp\/v2\/comments?post=5232"}],"version-history":[{"count":4,"href":"https:\/\/www.ifbaiano.edu.br\/unidades\/valenca\/wp-json\/wp\/v2\/posts\/5232\/revisions"}],"predecessor-version":[{"id":5241,"href":"https:\/\/www.ifbaiano.edu.br\/unidades\/valenca\/wp-json\/wp\/v2\/posts\/5232\/revisions\/5241"}],"wp:featuredmedia":[{"embeddable":true,"href":"https:\/\/www.ifbaiano.edu.br\/unidades\/valenca\/wp-json\/wp\/v2\/media\/5240"}],"wp:attachment":[{"href":"https:\/\/www.ifbaiano.edu.br\/unidades\/valenca\/wp-json\/wp\/v2\/media?parent=5232"}],"wp:term":[{"taxonomy":"category","embeddable":true,"href":"https:\/\/www.ifbaiano.edu.br\/unidades\/valenca\/wp-json\/wp\/v2\/categories?post=5232"},{"taxonomy":"post_tag","embeddable":true,"href":"https:\/\/www.ifbaiano.edu.br\/unidades\/valenca\/wp-json\/wp\/v2\/tags?post=5232"}],"curies":[{"name":"wp","href":"https:\/\/api.w.org\/{rel}","templated":true}]}}