{"id":5317,"date":"2020-04-14T17:24:10","date_gmt":"2020-04-14T20:24:10","guid":{"rendered":"https:\/\/www.ifbaiano.edu.br\/unidades\/valenca\/?p=5317"},"modified":"2020-11-09T15:26:46","modified_gmt":"2020-11-09T18:26:46","slug":"falecimento-da-aluna-samara-miranda","status":"publish","type":"post","link":"https:\/\/www.ifbaiano.edu.br\/unidades\/valenca\/2020\/04\/14\/falecimento-da-aluna-samara-miranda\/","title":{"rendered":"Falecimento da aluna Samara Miranda"},"content":{"rendered":"\n<p>\nSamara de\nJesus Miranda era egressa do curso T\u00e9cnico Integrado em\nAgropecu\u00e1ria. Faleceu na manh\u00e3 desta ter\u00e7a-feira (14 de abril de\n2020), num acidente na BR 101, pr\u00f3ximo \u00e0 barragem Pedra do Cavalo.\nEstava acompanhada do motorista que tamb\u00e9m veio a \u00f3bito no local.<\/p>\n\n\n\n<p> Samara era atleta e pesquisadora no IF Baiano. Participou do projeto \u201cUso de \u00f3leo essencial de cravo-da-\u00edndia no controle do carrapato bovino <em>riphicephalus microplus<\/em>\u201d sob a orienta\u00e7\u00e3o do professor Dr. Miqu\u00e9ias Feliciano de Almeida. Como atleta, atuava no Futsal, no handebol e no arremesso de peso. Ganhou medalha de ouro no arremesso de peso nos Jogos Estudantis do IF Baiano (Bom Jesus da Lapa e Catu).<\/p>\n\n\n\n<p> O IF Baiano \u2013 <em>Campus<\/em> Valen\u00e7a, por meio de sua administra\u00e7\u00e3o, professores, t\u00e9cnicos, servidores, alunos e comunidade em geral, lamenta profundamente esta fatalidade e, neste momento de tristeza e desola\u00e7\u00e3o, transmite os sentimentos aos familiares, amigos e colegas.<\/p>\n\n\n\n<figure class=\"wp-block-image size-large\"><img decoding=\"async\" loading=\"lazy\" width=\"800\" height=\"390\" src=\"https:\/\/www.ifbaiano.edu.br\/unidades\/valenca\/files\/2020\/04\/samara-miranda-campus-valenca.jpg\" alt=\"\" class=\"wp-image-5319\" \/><\/figure>\n","protected":false},"excerpt":{"rendered":"<p>Samara de Jesus Miranda era egressa do curso T\u00e9cnico Integrado em Agropecu\u00e1ria. Faleceu na manh\u00e3 desta ter\u00e7a-feira (14 de abril de 2020), num acidente na BR 101, pr\u00f3ximo \u00e0 barragem Pedra do Cavalo. Estava acompanhada do motorista que tamb\u00e9m veio a \u00f3bito no local. Samara era atleta e pesquisadora no IF Baiano. Participou do projeto [&hellip;]<\/p>\n","protected":false},"author":74,"featured_media":5318,"comment_status":"open","ping_status":"open","sticky":false,"template":"","format":"standard","meta":[],"categories":[],"tags":[],"_links":{"self":[{"href":"https:\/\/www.ifbaiano.edu.br\/unidades\/valenca\/wp-json\/wp\/v2\/posts\/5317"}],"collection":[{"href":"https:\/\/www.ifbaiano.edu.br\/unidades\/valenca\/wp-json\/wp\/v2\/posts"}],"about":[{"href":"https:\/\/www.ifbaiano.edu.br\/unidades\/valenca\/wp-json\/wp\/v2\/types\/post"}],"author":[{"embeddable":true,"href":"https:\/\/www.ifbaiano.edu.br\/unidades\/valenca\/wp-json\/wp\/v2\/users\/74"}],"replies":[{"embeddable":true,"href":"https:\/\/www.ifbaiano.edu.br\/unidades\/valenca\/wp-json\/wp\/v2\/comments?post=5317"}],"version-history":[{"count":2,"href":"https:\/\/www.ifbaiano.edu.br\/unidades\/valenca\/wp-json\/wp\/v2\/posts\/5317\/revisions"}],"predecessor-version":[{"id":5843,"href":"https:\/\/www.ifbaiano.edu.br\/unidades\/valenca\/wp-json\/wp\/v2\/posts\/5317\/revisions\/5843"}],"wp:featuredmedia":[{"embeddable":true,"href":"https:\/\/www.ifbaiano.edu.br\/unidades\/valenca\/wp-json\/wp\/v2\/media\/5318"}],"wp:attachment":[{"href":"https:\/\/www.ifbaiano.edu.br\/unidades\/valenca\/wp-json\/wp\/v2\/media?parent=5317"}],"wp:term":[{"taxonomy":"category","embeddable":true,"href":"https:\/\/www.ifbaiano.edu.br\/unidades\/valenca\/wp-json\/wp\/v2\/categories?post=5317"},{"taxonomy":"post_tag","embeddable":true,"href":"https:\/\/www.ifbaiano.edu.br\/unidades\/valenca\/wp-json\/wp\/v2\/tags?post=5317"}],"curies":[{"name":"wp","href":"https:\/\/api.w.org\/{rel}","templated":true}]}}