{"id":5323,"date":"2020-05-07T15:54:51","date_gmt":"2020-05-07T18:54:51","guid":{"rendered":"https:\/\/www.ifbaiano.edu.br\/unidades\/valenca\/?p=5323"},"modified":"2020-05-07T15:54:51","modified_gmt":"2020-05-07T18:54:51","slug":"resultado-da-selecao-para-concessao-do-auxilio-emergencial-e-do-kit-de-alimentacao-pnae-cesta-basica","status":"publish","type":"post","link":"https:\/\/www.ifbaiano.edu.br\/unidades\/valenca\/2020\/05\/07\/resultado-da-selecao-para-concessao-do-auxilio-emergencial-e-do-kit-de-alimentacao-pnae-cesta-basica\/","title":{"rendered":"Resultado da sele\u00e7\u00e3o para concess\u00e3o do Aux\u00edlio Emergencial e do Kit de Alimenta\u00e7\u00e3o PNAE (cesta-b\u00e1sica)"},"content":{"rendered":"\n<div class=\"wp-block-file\"><a href=\"https:\/\/www.ifbaiano.edu.br\/unidades\/valenca\/files\/2020\/05\/Aux\u00edlio-Emergencial.pdf\">Aux\u00edlio-Emergencial<\/a><a href=\"https:\/\/www.ifbaiano.edu.br\/unidades\/valenca\/files\/2020\/05\/Aux\u00edlio-Emergencial.pdf\" class=\"wp-block-file__button\" download>Baixar<\/a><\/div>\n\n\n\n<div class=\"wp-block-file\"><a href=\"https:\/\/www.ifbaiano.edu.br\/unidades\/valenca\/files\/2020\/05\/Kits-PNAE.pdf\">Kits-PNAE<\/a><a href=\"https:\/\/www.ifbaiano.edu.br\/unidades\/valenca\/files\/2020\/05\/Kits-PNAE.pdf\" class=\"wp-block-file__button\" download>Baixar<\/a><\/div>\n\n\n\n<p>Prezados estudantes, foi divulgado nesta quinta-feira (07\/05\/2020) o resultado da sele\u00e7\u00e3o para concess\u00e3o do aux\u00edlio emergencial e do kit de alimenta\u00e7\u00e3o do PNAE (Cesta B\u00e1sica).<\/p>\n\n\n\n<p>A Comiss\u00e3o Local de Assist\u00eancia Estudantil (CLAE) informa que a rela\u00e7\u00e3o apresentada surgiu da sele\u00e7\u00e3o realizada conforme o estabelecido na Resolu\u00e7\u00e3o 65\/2020-OS\/CONSUP\/IFBAIANO, ou seja, entre os alunos participantes do PAISE 2020.<\/p>\n\n\n\n<p>Vale salientar que de acordo com o Art. 8\u00ba desse documento, os discentes que n\u00e3o foram contemplados, poder\u00e3o apresentar recurso do resultado da sele\u00e7\u00e3o em at\u00e9 48 horas da sua divulga\u00e7\u00e3o. Os interessados dever\u00e3o enviar e-mail para\u00a0<a href=\"mailto:dgae@ifbaiano.edu.br\">dgae@ifbaiano.edu.br<\/a>\u00a0constando seu nome, CPF, curso, campus e detalhamento do motivo do recurso.<\/p>\n\n\n\n<p>Os estudantes contemplados com o aux\u00edlio emergencial receber\u00e3o R$ 120,00 \u2013 por dois meses, via conta banc\u00e1ria, e os contemplados na lista do kit de alimenta\u00e7\u00e3o receber\u00e3o a cesta b\u00e1sica. A CAE entrar\u00e1 em contato com todos os selecionados a fim de verificar os respectivos dados: endere\u00e7o, CPF, banco, ag\u00eancia e n\u00famero da conta, podendo ser corrente ou poupan\u00e7a de qualquer banco. N\u00e3o \u00e9 necess\u00e1rio ir ao Campus.<\/p>\n\n\n\n<p>Aqueles que n\u00e3o tiverem conta e precisarem de orienta\u00e7\u00e3o, ou em caso de d\u00favida, poder\u00e3o entrar em contato com a CAE pelo e-mail\u00a0<a href=\"mailto:comite.covid@valenca.ifbaiano.edu.br.\">comite.covid@valenca.ifbaiano.edu.br.<\/a><\/p>\n","protected":false},"excerpt":{"rendered":"<p>Prezados estudantes, foi divulgado nesta quinta-feira (07\/05\/2020) o resultado da sele\u00e7\u00e3o para concess\u00e3o do aux\u00edlio emergencial e do kit de alimenta\u00e7\u00e3o do PNAE (Cesta B\u00e1sica). A Comiss\u00e3o Local de Assist\u00eancia Estudantil (CLAE) informa que a rela\u00e7\u00e3o apresentada surgiu da sele\u00e7\u00e3o realizada conforme o estabelecido na Resolu\u00e7\u00e3o 65\/2020-OS\/CONSUP\/IFBAIANO, ou seja, entre os alunos participantes do PAISE [&hellip;]<\/p>\n","protected":false},"author":125,"featured_media":0,"comment_status":"open","ping_status":"open","sticky":false,"template":"","format":"standard","meta":[],"categories":[47],"tags":[],"_links":{"self":[{"href":"https:\/\/www.ifbaiano.edu.br\/unidades\/valenca\/wp-json\/wp\/v2\/posts\/5323"}],"collection":[{"href":"https:\/\/www.ifbaiano.edu.br\/unidades\/valenca\/wp-json\/wp\/v2\/posts"}],"about":[{"href":"https:\/\/www.ifbaiano.edu.br\/unidades\/valenca\/wp-json\/wp\/v2\/types\/post"}],"author":[{"embeddable":true,"href":"https:\/\/www.ifbaiano.edu.br\/unidades\/valenca\/wp-json\/wp\/v2\/users\/125"}],"replies":[{"embeddable":true,"href":"https:\/\/www.ifbaiano.edu.br\/unidades\/valenca\/wp-json\/wp\/v2\/comments?post=5323"}],"version-history":[{"count":3,"href":"https:\/\/www.ifbaiano.edu.br\/unidades\/valenca\/wp-json\/wp\/v2\/posts\/5323\/revisions"}],"predecessor-version":[{"id":5328,"href":"https:\/\/www.ifbaiano.edu.br\/unidades\/valenca\/wp-json\/wp\/v2\/posts\/5323\/revisions\/5328"}],"wp:attachment":[{"href":"https:\/\/www.ifbaiano.edu.br\/unidades\/valenca\/wp-json\/wp\/v2\/media?parent=5323"}],"wp:term":[{"taxonomy":"category","embeddable":true,"href":"https:\/\/www.ifbaiano.edu.br\/unidades\/valenca\/wp-json\/wp\/v2\/categories?post=5323"},{"taxonomy":"post_tag","embeddable":true,"href":"https:\/\/www.ifbaiano.edu.br\/unidades\/valenca\/wp-json\/wp\/v2\/tags?post=5323"}],"curies":[{"name":"wp","href":"https:\/\/api.w.org\/{rel}","templated":true}]}}