{"id":5357,"date":"2020-07-22T16:00:34","date_gmt":"2020-07-22T19:00:34","guid":{"rendered":"https:\/\/www.ifbaiano.edu.br\/unidades\/valenca\/?p=5357"},"modified":"2020-11-09T15:26:26","modified_gmt":"2020-11-09T18:26:26","slug":"segunda-chamada-do-auxilio-emergencial","status":"publish","type":"post","link":"https:\/\/www.ifbaiano.edu.br\/unidades\/valenca\/2020\/07\/22\/segunda-chamada-do-auxilio-emergencial\/","title":{"rendered":"Segunda chamada do Aux\u00edlio Emergencial"},"content":{"rendered":"\n<p>Os alunos abaixo devem encaminhar e-mail para <a rel=\"noreferrer noopener\" aria-label=\"comite.covid@valenca.ifbaiano.edu.br (abre numa nova aba)\" href=\"mailto:comite.covid@valenca.ifbaiano.edu.br\" target=\"_blank\">comite.covid@valenca.ifbaiano.edu.br<\/a> contendo nome completo, CPF e dados banc\u00e1rios (que devem ser em nome do pr\u00f3prio aluno), preferencialmente, at\u00e9 21 de agosto de 2020. Em caso de d\u00favidas, devem ser encaminhadas para esse mesmo e-mail.<\/p>\n\n\n\n<ol><li>\u00c1lvaro da Silva Couto Vasquez<\/li><li>Arthur Menezes Leal da Concei\u00e7\u00e3o<\/li><li>Camila Brito Santos<\/li><li>Carolina Brito Santos<\/li><li>Clara Beatriz Martins da Silva<\/li><li>Dandara de Jesus Brito<\/li><li>Danielle Soares Ribeiro<\/li><li>D\u00e9bora Stephanie Duarte da Hora<\/li><li>Eliana Andrade de Jesus Almeida<\/li><li>Elias Santana da Silva Filho<\/li><li>Heverton Cau\u00e3 Santos de Oliveira<\/li><li>Isana Evellyn Souza Nunes<\/li><li>Jailana Mar\u00e7al do Nascimento<\/li><li>Jefferson dos Santos Cerqueira<\/li><li>Jess\u00e9 Reis Gudinho Filho<\/li><li>Kaique Santos Silva<\/li><li>Lannay dos Santos Oliveira<\/li><li>Larenn dos Santos Teixeira<\/li><li>Leandra dos Santos Patroc\u00ednio Mendes<\/li><li>Maicon William dos Santos<\/li><li>Mikaelly da Silva Guimar\u00e3es<\/li><li>Sabrina Carvalho Souza<\/li><li>Samira da Silva dos Santos<\/li><li>William Souza Oliveira<\/li><\/ol>\n","protected":false},"excerpt":{"rendered":"<p>Confira a lista de estudantes contemplados.<\/p>\n","protected":false},"author":74,"featured_media":5358,"comment_status":"open","ping_status":"open","sticky":false,"template":"","format":"standard","meta":[],"categories":[],"tags":[],"_links":{"self":[{"href":"https:\/\/www.ifbaiano.edu.br\/unidades\/valenca\/wp-json\/wp\/v2\/posts\/5357"}],"collection":[{"href":"https:\/\/www.ifbaiano.edu.br\/unidades\/valenca\/wp-json\/wp\/v2\/posts"}],"about":[{"href":"https:\/\/www.ifbaiano.edu.br\/unidades\/valenca\/wp-json\/wp\/v2\/types\/post"}],"author":[{"embeddable":true,"href":"https:\/\/www.ifbaiano.edu.br\/unidades\/valenca\/wp-json\/wp\/v2\/users\/74"}],"replies":[{"embeddable":true,"href":"https:\/\/www.ifbaiano.edu.br\/unidades\/valenca\/wp-json\/wp\/v2\/comments?post=5357"}],"version-history":[{"count":1,"href":"https:\/\/www.ifbaiano.edu.br\/unidades\/valenca\/wp-json\/wp\/v2\/posts\/5357\/revisions"}],"predecessor-version":[{"id":5359,"href":"https:\/\/www.ifbaiano.edu.br\/unidades\/valenca\/wp-json\/wp\/v2\/posts\/5357\/revisions\/5359"}],"wp:featuredmedia":[{"embeddable":true,"href":"https:\/\/www.ifbaiano.edu.br\/unidades\/valenca\/wp-json\/wp\/v2\/media\/5358"}],"wp:attachment":[{"href":"https:\/\/www.ifbaiano.edu.br\/unidades\/valenca\/wp-json\/wp\/v2\/media?parent=5357"}],"wp:term":[{"taxonomy":"category","embeddable":true,"href":"https:\/\/www.ifbaiano.edu.br\/unidades\/valenca\/wp-json\/wp\/v2\/categories?post=5357"},{"taxonomy":"post_tag","embeddable":true,"href":"https:\/\/www.ifbaiano.edu.br\/unidades\/valenca\/wp-json\/wp\/v2\/tags?post=5357"}],"curies":[{"name":"wp","href":"https:\/\/api.w.org\/{rel}","templated":true}]}}