{"id":5419,"date":"2020-09-16T09:17:52","date_gmt":"2020-09-16T12:17:52","guid":{"rendered":"https:\/\/www.ifbaiano.edu.br\/unidades\/valenca\/?p=5419"},"modified":"2020-09-16T09:17:52","modified_gmt":"2020-09-16T12:17:52","slug":"edital-do-pregao-eletronico-no-00003-2020","status":"publish","type":"post","link":"https:\/\/www.ifbaiano.edu.br\/unidades\/valenca\/2020\/09\/16\/edital-do-pregao-eletronico-no-00003-2020\/","title":{"rendered":"Edital do Preg\u00e3o Eletr\u00f4nico N\u00ba 00003\/2020"},"content":{"rendered":"\n<p>Aquisi\u00e7\u00e3o de insumos agr\u00edcolas, ferramentas agr\u00edcolas e medicamentos veterin\u00e1rios  para atender as necessidades das Unidades Educativas de Campo da Fazenda-Escola do campus de Valen\u00e7a.<br>Abertura das Propostas: 29\/09\/2020 \u00e0s 09h00 no site www.comprasnet.gov.br. <\/p>\n\n\n\n<p>*Edital dispon\u00edvel na aba Licita\u00e7\u00f5es e Contratos (2020)<\/p>\n","protected":false},"excerpt":{"rendered":"<p>Aquisi\u00e7\u00e3o de insumos agr\u00edcolas, ferramentas agr\u00edcolas e medicamentos veterin\u00e1rios para atender as necessidades das Unidades Educativas de Campo da Fazenda-Escola do campus de Valen\u00e7a.Abertura das Propostas: 29\/09\/2020 \u00e0s 09h00 no site www.comprasnet.gov.br. *Edital dispon\u00edvel na aba Licita\u00e7\u00f5es e Contratos (2020)<\/p>\n","protected":false},"author":125,"featured_media":0,"comment_status":"open","ping_status":"open","sticky":false,"template":"","format":"standard","meta":[],"categories":[7,35,63],"tags":[],"_links":{"self":[{"href":"https:\/\/www.ifbaiano.edu.br\/unidades\/valenca\/wp-json\/wp\/v2\/posts\/5419"}],"collection":[{"href":"https:\/\/www.ifbaiano.edu.br\/unidades\/valenca\/wp-json\/wp\/v2\/posts"}],"about":[{"href":"https:\/\/www.ifbaiano.edu.br\/unidades\/valenca\/wp-json\/wp\/v2\/types\/post"}],"author":[{"embeddable":true,"href":"https:\/\/www.ifbaiano.edu.br\/unidades\/valenca\/wp-json\/wp\/v2\/users\/125"}],"replies":[{"embeddable":true,"href":"https:\/\/www.ifbaiano.edu.br\/unidades\/valenca\/wp-json\/wp\/v2\/comments?post=5419"}],"version-history":[{"count":1,"href":"https:\/\/www.ifbaiano.edu.br\/unidades\/valenca\/wp-json\/wp\/v2\/posts\/5419\/revisions"}],"predecessor-version":[{"id":5420,"href":"https:\/\/www.ifbaiano.edu.br\/unidades\/valenca\/wp-json\/wp\/v2\/posts\/5419\/revisions\/5420"}],"wp:attachment":[{"href":"https:\/\/www.ifbaiano.edu.br\/unidades\/valenca\/wp-json\/wp\/v2\/media?parent=5419"}],"wp:term":[{"taxonomy":"category","embeddable":true,"href":"https:\/\/www.ifbaiano.edu.br\/unidades\/valenca\/wp-json\/wp\/v2\/categories?post=5419"},{"taxonomy":"post_tag","embeddable":true,"href":"https:\/\/www.ifbaiano.edu.br\/unidades\/valenca\/wp-json\/wp\/v2\/tags?post=5419"}],"curies":[{"name":"wp","href":"https:\/\/api.w.org\/{rel}","templated":true}]}}