{"id":5846,"date":"2020-11-09T19:03:41","date_gmt":"2020-11-09T22:03:41","guid":{"rendered":"https:\/\/www.ifbaiano.edu.br\/unidades\/valenca\/?p=5846"},"modified":"2021-07-20T15:43:04","modified_gmt":"2021-07-20T18:43:04","slug":"edital-auxilios-digitais","status":"publish","type":"post","link":"https:\/\/www.ifbaiano.edu.br\/unidades\/valenca\/2020\/11\/09\/edital-auxilios-digitais\/","title":{"rendered":"Campus Valen\u00e7a lan\u00e7a Edital de Aux\u00edlios de Inclus\u00e3o Digital"},"content":{"rendered":"\n<p>O programa contemplar\u00e1 Aux\u00edlio Pacote de Dados, Aux\u00edlio Contrata\u00e7\u00e3o de Banda larga (wi-fi) e Aux\u00edlio Aquisi\u00e7\u00e3o e Manuten\u00e7\u00e3o de equipamento<\/p>\n\n\n\n<p>O IF Baiano Campus Valen\u00e7a lan\u00e7a <a href=\"https:\/\/www.ifbaiano.edu.br\/unidades\/valenca\/files\/2020\/11\/Edital-auxilios-digitais-Campus-Valenca.pdf\">Edital 01\/2020<\/a>, que estabelece as normas e crit\u00e9rios para sele\u00e7\u00e3o de estudantes em vulnerabilidade socioecon\u00f4mica, de cursos presenciais e \u00e0 dist\u00e2ncia, com a finalidade de participa\u00e7\u00e3o na Pol\u00edtica de Assist\u00eancia Estudantil do Instituto, por meio do PAISE.<\/p>\n\n\n\n<p>De acordo com o documento, O Aux\u00edlio de Inclus\u00e3o Digital Emergencial ser\u00e1 destinado aos(\u00e0s) estudantes regularmente matriculados(as), que n\u00e3o disponham de recursos pr\u00f3prios ou familiares para acessar de modo remoto as Atividades Pedag\u00f3gicas N\u00e3o Presenciais, em fun\u00e7\u00e3o da excepcionalidade da pandemia do novo Corona v\u00edrus (COVID19) e apenas enquanto essa situa\u00e7\u00e3o perdurar.<\/p>\n\n\n\n<p>O programa de inclus\u00e3o digital contemplar\u00e1 os seguintes aux\u00edlios: Aux\u00edlio Pacote de Dados, Aux\u00edlio Contrata\u00e7\u00e3o de Banda larga (wi-fi) e Aux\u00edlio Aquisi\u00e7\u00e3o e Manuten\u00e7\u00e3o de equipamento.<\/p>\n\n\n\n<p>A sele\u00e7\u00e3o dos estudantes se dar\u00e1 atrav\u00e9s de an\u00e1lise de inser\u00e7\u00e3o no CAD\u00daNICO do governo federal, seguindo os crit\u00e9rios estabelecidos no Decreto 7234\/10 e as inscri\u00e7\u00f5es ser\u00e3o recebidas pela Comiss\u00e3o Local de Assist\u00eancia Estudantil-CLAE, via e-mail (<strong><a href=\"mailto:clae@valenca.ifbaiano.edu.br\">clae@valenca.ifbaiano.edu.br<\/a><\/strong>), no per\u00edodo de 09 a 20 de novembro de 2020, na forma estabelecida no edital.<\/p>\n\n\n\n<p>Confira os requisitos necess\u00e1rios para os aux\u00edlios, a documenta\u00e7\u00e3o exigida e mais detalhes da sele\u00e7\u00e3o\u00a0<a href=\"https:\/\/www.ifbaiano.edu.br\/unidades\/santaines\/files\/2020\/11\/Edital-Auxilios-Digitais.pdf\">no Edital<\/a>. Em caso de d\u00favida, os interessados podem enviar e-mail para o endere\u00e7o\u00a0<strong><a href=\"mailto:clae@valenca.ifbaiano.edu.br\">clae@valenca.ifbaiano.edu.br<\/a><\/strong>.<\/p>\n\n\n\n<p>\u00c9 de inteira responsabilidade do(a) discente o compromisso com o envio dos documentos digitais, n\u00e3o podendo alegar falta de conectividade ou problemas t\u00e9cnicos que justifiquem a n\u00e3o inscri\u00e7\u00e3o ou a rejei\u00e7\u00e3o da mesma.<\/p>\n\n\n\n<p><a href=\"https:\/\/www.ifbaiano.edu.br\/unidades\/valenca\/files\/2020\/11\/Edital-auxilios-digitais-Campus-Valenca.pdf\">Edital Aux\u00edlios Digitais<\/a><\/p>\n","protected":false},"excerpt":{"rendered":"<p>O programa contemplar\u00e1 Aux\u00edlio Pacote de Dados, Aux\u00edlio Contrata\u00e7\u00e3o de Banda larga (wi-fi) e Aux\u00edlio Aquisi\u00e7\u00e3o e Manuten\u00e7\u00e3o de equipamento O IF Baiano Campus Valen\u00e7a lan\u00e7a Edital 01\/2020, que estabelece as normas e crit\u00e9rios para sele\u00e7\u00e3o de estudantes em vulnerabilidade socioecon\u00f4mica, de cursos presenciais e \u00e0 dist\u00e2ncia, com a finalidade de participa\u00e7\u00e3o na Pol\u00edtica de [&hellip;]<\/p>\n","protected":false},"author":125,"featured_media":0,"comment_status":"open","ping_status":"open","sticky":false,"template":"","format":"standard","meta":[],"categories":[47,5],"tags":[],"_links":{"self":[{"href":"https:\/\/www.ifbaiano.edu.br\/unidades\/valenca\/wp-json\/wp\/v2\/posts\/5846"}],"collection":[{"href":"https:\/\/www.ifbaiano.edu.br\/unidades\/valenca\/wp-json\/wp\/v2\/posts"}],"about":[{"href":"https:\/\/www.ifbaiano.edu.br\/unidades\/valenca\/wp-json\/wp\/v2\/types\/post"}],"author":[{"embeddable":true,"href":"https:\/\/www.ifbaiano.edu.br\/unidades\/valenca\/wp-json\/wp\/v2\/users\/125"}],"replies":[{"embeddable":true,"href":"https:\/\/www.ifbaiano.edu.br\/unidades\/valenca\/wp-json\/wp\/v2\/comments?post=5846"}],"version-history":[{"count":6,"href":"https:\/\/www.ifbaiano.edu.br\/unidades\/valenca\/wp-json\/wp\/v2\/posts\/5846\/revisions"}],"predecessor-version":[{"id":5854,"href":"https:\/\/www.ifbaiano.edu.br\/unidades\/valenca\/wp-json\/wp\/v2\/posts\/5846\/revisions\/5854"}],"wp:attachment":[{"href":"https:\/\/www.ifbaiano.edu.br\/unidades\/valenca\/wp-json\/wp\/v2\/media?parent=5846"}],"wp:term":[{"taxonomy":"category","embeddable":true,"href":"https:\/\/www.ifbaiano.edu.br\/unidades\/valenca\/wp-json\/wp\/v2\/categories?post=5846"},{"taxonomy":"post_tag","embeddable":true,"href":"https:\/\/www.ifbaiano.edu.br\/unidades\/valenca\/wp-json\/wp\/v2\/tags?post=5846"}],"curies":[{"name":"wp","href":"https:\/\/api.w.org\/{rel}","templated":true}]}}