{"id":5855,"date":"2020-11-24T16:12:16","date_gmt":"2020-11-24T19:12:16","guid":{"rendered":"https:\/\/www.ifbaiano.edu.br\/unidades\/valenca\/?p=5855"},"modified":"2020-11-25T16:41:59","modified_gmt":"2020-11-25T19:41:59","slug":"monitoria-dos-cursos-tecnicos-de-nivel-medio","status":"publish","type":"post","link":"https:\/\/www.ifbaiano.edu.br\/unidades\/valenca\/2020\/11\/24\/monitoria-dos-cursos-tecnicos-de-nivel-medio\/","title":{"rendered":"Processo Seletivo de Monitoria dos cursos t\u00e9cnicos de n\u00edvel M\u00e9dio"},"content":{"rendered":"\n<p>Est\u00e1 lan\u00e7ado o Processo Seletivo de Monitores de Ensino dos Cursos T\u00e9cnicos de N\u00edvel M\u00e9dio.<br><a href=\"https:\/\/www.ifbaiano.edu.br\/unidades\/valenca\/files\/2020\/11\/Edital-no-03-MONITORIA.pdf\" target=\"_blank\" rel=\"noreferrer noopener\">Consulte aqui o Edital n\u00ba 03<\/a>, de 24 de novembro de 2020.<\/p>\n\n\n\n<p>As inscri\u00e7\u00f5es dever\u00e3o ser feitas entre os dias <strong>24 a 30 de novembro<\/strong> de 2020.<\/p>\n\n\n\n<p>Poder\u00e3o inscrever-se estudantes com matr\u00edcula e frequ\u00eancia regular em curso T\u00e9cnico de N\u00edvel M\u00e9dio do IF Baiano \u2013 Campus Valen\u00e7a, observados os pr\u00e9-requisitos para cada vaga disponibilizada, conforme item 6 do Edital. As inscri\u00e7\u00f5es ser\u00e3o realizadas \u2013 EXCLUSIVAMENTE &#8211; na forma eletr\u00f4nica por meio do e-mail: <a href=\"mailto:monitoria@valenca.ifbaiano.edu.br\" target=\"_blank\" rel=\"noreferrer noopener\">monitoria@valenca.ifbaiano.edu.br<\/a>.<\/p>\n","protected":false},"excerpt":{"rendered":"<p>Est\u00e1 lan\u00e7ado o Processo Seletivo de Monitores de Ensino dos Cursos T\u00e9cnicos de N\u00edvel M\u00e9dio.Consulte aqui o Edital n\u00ba 03, de 24 de novembro de 2020. As inscri\u00e7\u00f5es dever\u00e3o ser feitas entre os dias 24 a 30 de novembro de 2020. Poder\u00e3o inscrever-se estudantes com matr\u00edcula e frequ\u00eancia regular em curso T\u00e9cnico de N\u00edvel M\u00e9dio [&hellip;]<\/p>\n","protected":false},"author":74,"featured_media":5862,"comment_status":"open","ping_status":"open","sticky":false,"template":"","format":"standard","meta":[],"categories":[5,63],"tags":[],"_links":{"self":[{"href":"https:\/\/www.ifbaiano.edu.br\/unidades\/valenca\/wp-json\/wp\/v2\/posts\/5855"}],"collection":[{"href":"https:\/\/www.ifbaiano.edu.br\/unidades\/valenca\/wp-json\/wp\/v2\/posts"}],"about":[{"href":"https:\/\/www.ifbaiano.edu.br\/unidades\/valenca\/wp-json\/wp\/v2\/types\/post"}],"author":[{"embeddable":true,"href":"https:\/\/www.ifbaiano.edu.br\/unidades\/valenca\/wp-json\/wp\/v2\/users\/74"}],"replies":[{"embeddable":true,"href":"https:\/\/www.ifbaiano.edu.br\/unidades\/valenca\/wp-json\/wp\/v2\/comments?post=5855"}],"version-history":[{"count":2,"href":"https:\/\/www.ifbaiano.edu.br\/unidades\/valenca\/wp-json\/wp\/v2\/posts\/5855\/revisions"}],"predecessor-version":[{"id":5863,"href":"https:\/\/www.ifbaiano.edu.br\/unidades\/valenca\/wp-json\/wp\/v2\/posts\/5855\/revisions\/5863"}],"wp:featuredmedia":[{"embeddable":true,"href":"https:\/\/www.ifbaiano.edu.br\/unidades\/valenca\/wp-json\/wp\/v2\/media\/5862"}],"wp:attachment":[{"href":"https:\/\/www.ifbaiano.edu.br\/unidades\/valenca\/wp-json\/wp\/v2\/media?parent=5855"}],"wp:term":[{"taxonomy":"category","embeddable":true,"href":"https:\/\/www.ifbaiano.edu.br\/unidades\/valenca\/wp-json\/wp\/v2\/categories?post=5855"},{"taxonomy":"post_tag","embeddable":true,"href":"https:\/\/www.ifbaiano.edu.br\/unidades\/valenca\/wp-json\/wp\/v2\/tags?post=5855"}],"curies":[{"name":"wp","href":"https:\/\/api.w.org\/{rel}","templated":true}]}}