{"id":5875,"date":"2020-12-07T17:46:49","date_gmt":"2020-12-07T20:46:49","guid":{"rendered":"https:\/\/www.ifbaiano.edu.br\/unidades\/valenca\/?p=5875"},"modified":"2020-12-07T17:46:49","modified_gmt":"2020-12-07T20:46:49","slug":"resultado-do-edital-de-auxilio-de-inclusao-digital-1a-chamada","status":"publish","type":"post","link":"https:\/\/www.ifbaiano.edu.br\/unidades\/valenca\/2020\/12\/07\/resultado-do-edital-de-auxilio-de-inclusao-digital-1a-chamada\/","title":{"rendered":"Resultado do Edital de Aux\u00edlio de Inclus\u00e3o Digital &#8211; 1\u00aa chamada"},"content":{"rendered":"\n<div class=\"wp-block-file\"><a href=\"https:\/\/www.ifbaiano.edu.br\/unidades\/valenca\/files\/2020\/12\/resultado_edital-1-_auxilio_de-_inclusao-_digital.pdf\">resultado_edital 1 _aux\u00edlio_de _inclus\u00e3o _digital<\/a><a href=\"https:\/\/www.ifbaiano.edu.br\/unidades\/valenca\/files\/2020\/12\/resultado_edital-1-_auxilio_de-_inclusao-_digital.pdf\" class=\"wp-block-file__button\" download>Baixar<\/a><\/div>\n\n\n\nObs.: Os estudantes listados no presente of\u00edcio, devem aguardar o dep\u00f3sito do valor do aux\u00edlio, adquirir equipamento e\/ou pacote de internet e enviar nota fiscal, em nome e CPF do aluno, para o e-mail clae@valenca.ifbaiano.edu.br, em at\u00e9 30 dias ap\u00f3s o recebimento do recurso. \nRessaltando que, os que n\u00e3o enviarem, dever\u00e3o devolver o recurso atrav\u00e9s de pagamento de GRU.\n\n","protected":false},"excerpt":{"rendered":"<p>Obs.: Os estudantes listados no presente of\u00edcio, devem aguardar o dep\u00f3sito do valor do aux\u00edlio, adquirir equipamento e\/ou pacote de internet e enviar nota fiscal, em nome e CPF do aluno, para o e-mail clae@valenca.ifbaiano.edu.br, em at\u00e9 30 dias ap\u00f3s o recebimento do recurso. Ressaltando que, os que n\u00e3o enviarem, dever\u00e3o devolver o recurso atrav\u00e9s [&hellip;]<\/p>\n","protected":false},"author":125,"featured_media":0,"comment_status":"open","ping_status":"open","sticky":false,"template":"","format":"standard","meta":[],"categories":[47,5,7,35,36],"tags":[],"_links":{"self":[{"href":"https:\/\/www.ifbaiano.edu.br\/unidades\/valenca\/wp-json\/wp\/v2\/posts\/5875"}],"collection":[{"href":"https:\/\/www.ifbaiano.edu.br\/unidades\/valenca\/wp-json\/wp\/v2\/posts"}],"about":[{"href":"https:\/\/www.ifbaiano.edu.br\/unidades\/valenca\/wp-json\/wp\/v2\/types\/post"}],"author":[{"embeddable":true,"href":"https:\/\/www.ifbaiano.edu.br\/unidades\/valenca\/wp-json\/wp\/v2\/users\/125"}],"replies":[{"embeddable":true,"href":"https:\/\/www.ifbaiano.edu.br\/unidades\/valenca\/wp-json\/wp\/v2\/comments?post=5875"}],"version-history":[{"count":1,"href":"https:\/\/www.ifbaiano.edu.br\/unidades\/valenca\/wp-json\/wp\/v2\/posts\/5875\/revisions"}],"predecessor-version":[{"id":5876,"href":"https:\/\/www.ifbaiano.edu.br\/unidades\/valenca\/wp-json\/wp\/v2\/posts\/5875\/revisions\/5876"}],"wp:attachment":[{"href":"https:\/\/www.ifbaiano.edu.br\/unidades\/valenca\/wp-json\/wp\/v2\/media?parent=5875"}],"wp:term":[{"taxonomy":"category","embeddable":true,"href":"https:\/\/www.ifbaiano.edu.br\/unidades\/valenca\/wp-json\/wp\/v2\/categories?post=5875"},{"taxonomy":"post_tag","embeddable":true,"href":"https:\/\/www.ifbaiano.edu.br\/unidades\/valenca\/wp-json\/wp\/v2\/tags?post=5875"}],"curies":[{"name":"wp","href":"https:\/\/api.w.org\/{rel}","templated":true}]}}