{"id":5879,"date":"2020-12-08T16:26:44","date_gmt":"2020-12-08T19:26:44","guid":{"rendered":"https:\/\/www.ifbaiano.edu.br\/unidades\/valenca\/?p=5879"},"modified":"2020-12-08T16:26:44","modified_gmt":"2020-12-08T19:26:44","slug":"resultado-preliminar-edital-n-03-de-24-11-2020-monitoria-de-ensino-dos-cursos-tecnicos-de-nivel-medio","status":"publish","type":"post","link":"https:\/\/www.ifbaiano.edu.br\/unidades\/valenca\/2020\/12\/08\/resultado-preliminar-edital-n-03-de-24-11-2020-monitoria-de-ensino-dos-cursos-tecnicos-de-nivel-medio\/","title":{"rendered":"Resultado preliminar &#8211; Edital n.03 de 24\/11\/2020 &#8211; Monitoria de Ensino dos Cursos T\u00e9cnicos de N\u00edvel M\u00e9dio"},"content":{"rendered":"\n<div class=\"wp-block-file\"><a href=\"https:\/\/www.ifbaiano.edu.br\/unidades\/valenca\/files\/2020\/12\/RESULTADO-PRELIMINAR-DE-CLASSIFICACAO.pdf\">RESULTADO PRELIMINAR DE CLASSIFICA\u00c7\u00c3O<\/a><a href=\"https:\/\/www.ifbaiano.edu.br\/unidades\/valenca\/files\/2020\/12\/RESULTADO-PRELIMINAR-DE-CLASSIFICACAO.pdf\" class=\"wp-block-file__button\" download>Baixar<\/a><\/div>\n","protected":false},"excerpt":{"rendered":"","protected":false},"author":125,"featured_media":0,"comment_status":"open","ping_status":"open","sticky":false,"template":"","format":"standard","meta":[],"categories":[47,5,35,9,63],"tags":[],"_links":{"self":[{"href":"https:\/\/www.ifbaiano.edu.br\/unidades\/valenca\/wp-json\/wp\/v2\/posts\/5879"}],"collection":[{"href":"https:\/\/www.ifbaiano.edu.br\/unidades\/valenca\/wp-json\/wp\/v2\/posts"}],"about":[{"href":"https:\/\/www.ifbaiano.edu.br\/unidades\/valenca\/wp-json\/wp\/v2\/types\/post"}],"author":[{"embeddable":true,"href":"https:\/\/www.ifbaiano.edu.br\/unidades\/valenca\/wp-json\/wp\/v2\/users\/125"}],"replies":[{"embeddable":true,"href":"https:\/\/www.ifbaiano.edu.br\/unidades\/valenca\/wp-json\/wp\/v2\/comments?post=5879"}],"version-history":[{"count":1,"href":"https:\/\/www.ifbaiano.edu.br\/unidades\/valenca\/wp-json\/wp\/v2\/posts\/5879\/revisions"}],"predecessor-version":[{"id":5880,"href":"https:\/\/www.ifbaiano.edu.br\/unidades\/valenca\/wp-json\/wp\/v2\/posts\/5879\/revisions\/5880"}],"wp:attachment":[{"href":"https:\/\/www.ifbaiano.edu.br\/unidades\/valenca\/wp-json\/wp\/v2\/media?parent=5879"}],"wp:term":[{"taxonomy":"category","embeddable":true,"href":"https:\/\/www.ifbaiano.edu.br\/unidades\/valenca\/wp-json\/wp\/v2\/categories?post=5879"},{"taxonomy":"post_tag","embeddable":true,"href":"https:\/\/www.ifbaiano.edu.br\/unidades\/valenca\/wp-json\/wp\/v2\/tags?post=5879"}],"curies":[{"name":"wp","href":"https:\/\/api.w.org\/{rel}","templated":true}]}}