{"id":5891,"date":"2021-01-08T09:36:50","date_gmt":"2021-01-08T12:36:50","guid":{"rendered":"https:\/\/www.ifbaiano.edu.br\/unidades\/valenca\/?p=5891"},"modified":"2021-01-18T17:44:54","modified_gmt":"2021-01-18T20:44:54","slug":"selecao-de-estudantes-para-auxilios-de-inclusao-digital","status":"publish","type":"post","link":"https:\/\/www.ifbaiano.edu.br\/unidades\/valenca\/2021\/01\/08\/selecao-de-estudantes-para-auxilios-de-inclusao-digital\/","title":{"rendered":"PRORROGADO &#8211; Sele\u00e7\u00e3o de estudantes para Aux\u00edlios de Inclus\u00e3o Digital &#8211; vagas remanescentes"},"content":{"rendered":"\n<p><strong>As inscri\u00e7\u00f5es via e-mail foram prorrogadas at\u00e9 22 de janeiro de 2021.<\/strong><\/p>\n\n\n\n<p><strong><a rel=\"noreferrer noopener\" href=\"https:\/\/www.ifbaiano.edu.br\/unidades\/valenca\/files\/2021\/01\/Resultado-Final-Edital-no-01-\u2013-Auxilios-de-Inclusao-Digital.pdf\" target=\"_blank\">Acesse o Resultado Final do Edital n\u00ba 01<\/a><\/strong>.<\/p>\n\n\n\n<p><strong><a rel=\"noreferrer noopener\" href=\"https:\/\/www.ifbaiano.edu.br\/unidades\/valenca\/files\/2021\/01\/Edital-no-01-Auxilios-de-Inclusao-Digital-Campus-Valenca.pdf\" target=\"_blank\">Confira aqui o Edital n\u00ba 01 de 2021<\/a><\/strong>.<\/p>\n\n\n\n<p>Foi lan\u00e7ado <a href=\"https:\/\/www.ifbaiano.edu.br\/unidades\/valenca\/files\/2021\/01\/Edital-no-01-Auxilios-de-Inclusao-Digital-Campus-Valenca.pdf\" target=\"_blank\" rel=\"noreferrer noopener\">Edital<\/a> que estabelece as normas e crit\u00e9rios para sele\u00e7\u00e3o de estudantes em vulnerabilidade socioecon\u00f4mica, de cursos presenciais e a dist\u00e2ncia, com a finalidade de participa\u00e7\u00e3o na Pol\u00edtica de Assist\u00eancia Estudantil deste Instituto, por meio do PAISE.<\/p>\n\n\n\n<p>O Programa de Inclus\u00e3o Digital visa contribuir para o bem estar biopsicossocial, perman\u00eancia e \u00eaxito nas atividades acad\u00eamicas de estudantes em vulnerabilidade socioecon\u00f4mica, possibilitando que os mesmos tenham condi\u00e7\u00f5es m\u00ednimas de conectividade a fim de que possam frequentar as atividades pedag\u00f3gicas n\u00e3o presenciais (APNP).<\/p>\n\n\n\n<p>O Aux\u00edlio de Inclus\u00e3o Digital Emergencial ser\u00e1 destinado aos(\u00e0s) estudantes regularmente matriculados(as) em cursos de Educa\u00e7\u00e3o Profissional T\u00e9cnica de N\u00edvel M\u00e9dio (integrado e subsequente), Ensino Superior, ou Educa\u00e7\u00e3o de Jovens e Adultos no IF Baiano, que n\u00e3o disponham de recursos pr\u00f3prios ou familiares para acessar de modo remoto as Atividades Pedag\u00f3gicas N\u00e3o Presenciais, em fun\u00e7\u00e3o da excepcionalidade da pandemia do novo Corona v\u00edrus (COVID19) e apenas enquanto essa situa\u00e7\u00e3o perdurar.<\/p>\n\n\n\n<p>O(A) estudante dever\u00e1 utilizar os Aux\u00edlios de Inclus\u00e3o Digital para adquirir equipamentos e servi\u00e7os tecnol\u00f3gicos que atendam os requisitos m\u00ednimos estabelecidos para participa\u00e7\u00e3o nas APNPs e\/ou servi\u00e7os que lhe possibilitem acesso \u00e0 internet.<\/p>\n\n\n\n<p>O programa de inclus\u00e3o digital contemplar\u00e1 os seguintes aux\u00edlios:<\/p>\n\n\n\n<ul><li><strong>Aux\u00edlio Pacote de Dados<\/strong>: pago mensalmente, visando auxiliar a aquisi\u00e7\u00e3o de pacote de dados junto a empresas de telefonia m\u00f3vel a fim de satisfazer a demanda de conectividade;<\/li><li><strong>Aux\u00edlio Contrata\u00e7\u00e3o de Banda larga (wi-fi)<\/strong>: pago mensalmente, visa auxiliar na contrata\u00e7\u00e3o de banda larga (internet fixa \u2013 wifi) capaz de atender a demanda de conectividade do(a) discente que n\u00e3o a possui;<\/li><li><strong>Aux\u00edlio Aquisi\u00e7\u00e3o e Manuten\u00e7\u00e3o de equipamento<\/strong>: a oferta de subs\u00eddio pecuni\u00e1rio em parcela \u00fanica no valor de R$600,00 para aquisi\u00e7\u00e3o de equipamentos, para aqueles que n\u00e3o o possuam.<\/li><\/ul>\n","protected":false},"excerpt":{"rendered":"<p>As inscri\u00e7\u00f5es via e-mail foram prorrogadas at\u00e9 22 de janeiro de 2021. Acesse o Resultado Final do Edital n\u00ba 01. Confira aqui o Edital n\u00ba 01 de 2021. Foi lan\u00e7ado Edital que estabelece as normas e crit\u00e9rios para sele\u00e7\u00e3o de estudantes em vulnerabilidade socioecon\u00f4mica, de cursos presenciais e a dist\u00e2ncia, com a finalidade de participa\u00e7\u00e3o [&hellip;]<\/p>\n","protected":false},"author":74,"featured_media":5893,"comment_status":"open","ping_status":"open","sticky":false,"template":"","format":"standard","meta":[],"categories":[5,32,63],"tags":[],"_links":{"self":[{"href":"https:\/\/www.ifbaiano.edu.br\/unidades\/valenca\/wp-json\/wp\/v2\/posts\/5891"}],"collection":[{"href":"https:\/\/www.ifbaiano.edu.br\/unidades\/valenca\/wp-json\/wp\/v2\/posts"}],"about":[{"href":"https:\/\/www.ifbaiano.edu.br\/unidades\/valenca\/wp-json\/wp\/v2\/types\/post"}],"author":[{"embeddable":true,"href":"https:\/\/www.ifbaiano.edu.br\/unidades\/valenca\/wp-json\/wp\/v2\/users\/74"}],"replies":[{"embeddable":true,"href":"https:\/\/www.ifbaiano.edu.br\/unidades\/valenca\/wp-json\/wp\/v2\/comments?post=5891"}],"version-history":[{"count":4,"href":"https:\/\/www.ifbaiano.edu.br\/unidades\/valenca\/wp-json\/wp\/v2\/posts\/5891\/revisions"}],"predecessor-version":[{"id":5901,"href":"https:\/\/www.ifbaiano.edu.br\/unidades\/valenca\/wp-json\/wp\/v2\/posts\/5891\/revisions\/5901"}],"wp:featuredmedia":[{"embeddable":true,"href":"https:\/\/www.ifbaiano.edu.br\/unidades\/valenca\/wp-json\/wp\/v2\/media\/5893"}],"wp:attachment":[{"href":"https:\/\/www.ifbaiano.edu.br\/unidades\/valenca\/wp-json\/wp\/v2\/media?parent=5891"}],"wp:term":[{"taxonomy":"category","embeddable":true,"href":"https:\/\/www.ifbaiano.edu.br\/unidades\/valenca\/wp-json\/wp\/v2\/categories?post=5891"},{"taxonomy":"post_tag","embeddable":true,"href":"https:\/\/www.ifbaiano.edu.br\/unidades\/valenca\/wp-json\/wp\/v2\/tags?post=5891"}],"curies":[{"name":"wp","href":"https:\/\/api.w.org\/{rel}","templated":true}]}}