{"id":5905,"date":"2021-01-25T20:24:28","date_gmt":"2021-01-25T23:24:28","guid":{"rendered":"https:\/\/www.ifbaiano.edu.br\/unidades\/valenca\/?p=5905"},"modified":"2021-01-25T20:45:29","modified_gmt":"2021-01-25T23:45:29","slug":"secretaria-de-registros-academicos-sra-solicita-cadastro-de-discentes-no-suap","status":"publish","type":"post","link":"https:\/\/www.ifbaiano.edu.br\/unidades\/valenca\/2021\/01\/25\/secretaria-de-registros-academicos-sra-solicita-cadastro-de-discentes-no-suap\/","title":{"rendered":"Secretaria de Registros Acad\u00eamicos &#8211; SRA solicita cadastro de discentes no SUAP"},"content":{"rendered":"\n<p><strong>Cadastro de Discentes<\/strong><\/p>\n\n\n\n<p>A Secretaria de Registros Acad\u00eamicos do IF Baiano, Campus Valen\u00e7a, solicita aos (as) discentes que est\u00e3o matriculados(as) na 2\u00aa e 3\u00aa s\u00e9ries dos Cursos Integrados (Agropecu\u00e1ria e Agroecologia) que realizem seu cadastro no Sistema SUAP, para que tenham acesso a todas as informa\u00e7\u00f5es acad\u00eamicas.<\/p>\n\n\n\n<p>Neste primeiro acesso, ser\u00e1 necess\u00e1rio cadastrar uma nova senha e responder ao question\u00e1rio socioecon\u00f4mico.<\/p>\n\n\n\n<p><strong>Passo a passo:<\/strong><\/p>\n\n\n\n<p><strong>Passo 1:<\/strong>&nbsp;Acessar o arquivo abaixo e buscar seu nome na lista e verificar o n\u00famero da matr\u00edcula:<\/p>\n\n\n\n<p><a href=\"https:\/\/www.ifbaiano.edu.br\/unidades\/itapetinga\/files\/2021\/01\/Discentes-A.pdf\"><strong>Rela\u00e7\u00e3o de Alu<\/strong><\/a><strong><a href=\"https:\/\/www.ifbaiano.edu.br\/unidades\/valenca\/files\/2021\/01\/RELACAO-DE-ALUNOS-COM-O-NUMERO-DA-MATRICULA.pdf\">nos com n\u00famero de matr\u00edcula<\/a><\/strong><\/p>\n\n\n\n<p><strong>Passo 2:<\/strong>&nbsp;Acessar o link:<\/p>\n\n\n\n<p><a href=\"https:\/\/suap.ifbaiano.edu.br\/accounts\/login\/\"><strong>SUAP<\/strong><\/a><\/p>\n\n\n\n<p><strong>Passo 3:<\/strong>&nbsp;nos campos, preencher com as seguintes informa\u00e7\u00f5es:<\/p>\n\n\n\n<p>Usu\u00e1rio: informar o n\u00famero de matr\u00edcula<br>Senha: If@cpf<br>I (mai\u00fasculo) f(min\u00fasculo) @ (CPF sem ponto ou tra\u00e7o)<\/p>\n\n\n\n<p><strong>Passo 4:<\/strong>&nbsp;cadastrar nova senha (anote sua senha, ela ser\u00e1 utilizada nos pr\u00f3ximos acessos)<\/p>\n\n\n\n<p><strong>Passo 5:<\/strong>&nbsp;responder question\u00e1rio<\/p>\n\n\n\n<p>Qualquer d\u00favida, enviar email para&nbsp;secretaria@valenca.ifbaiano.edu.br<\/p>\n","protected":false},"excerpt":{"rendered":"<p>Cadastro de Discentes A Secretaria de Registros Acad\u00eamicos do IF Baiano, Campus Valen\u00e7a, solicita aos (as) discentes que est\u00e3o matriculados(as) na 2\u00aa e 3\u00aa s\u00e9ries dos Cursos Integrados (Agropecu\u00e1ria e Agroecologia) que realizem seu cadastro no Sistema SUAP, para que tenham acesso a todas as informa\u00e7\u00f5es acad\u00eamicas. Neste primeiro acesso, ser\u00e1 necess\u00e1rio cadastrar uma nova [&hellip;]<\/p>\n","protected":false},"author":125,"featured_media":0,"comment_status":"open","ping_status":"open","sticky":false,"template":"","format":"standard","meta":[],"categories":[5,36,63],"tags":[],"_links":{"self":[{"href":"https:\/\/www.ifbaiano.edu.br\/unidades\/valenca\/wp-json\/wp\/v2\/posts\/5905"}],"collection":[{"href":"https:\/\/www.ifbaiano.edu.br\/unidades\/valenca\/wp-json\/wp\/v2\/posts"}],"about":[{"href":"https:\/\/www.ifbaiano.edu.br\/unidades\/valenca\/wp-json\/wp\/v2\/types\/post"}],"author":[{"embeddable":true,"href":"https:\/\/www.ifbaiano.edu.br\/unidades\/valenca\/wp-json\/wp\/v2\/users\/125"}],"replies":[{"embeddable":true,"href":"https:\/\/www.ifbaiano.edu.br\/unidades\/valenca\/wp-json\/wp\/v2\/comments?post=5905"}],"version-history":[{"count":3,"href":"https:\/\/www.ifbaiano.edu.br\/unidades\/valenca\/wp-json\/wp\/v2\/posts\/5905\/revisions"}],"predecessor-version":[{"id":5918,"href":"https:\/\/www.ifbaiano.edu.br\/unidades\/valenca\/wp-json\/wp\/v2\/posts\/5905\/revisions\/5918"}],"wp:attachment":[{"href":"https:\/\/www.ifbaiano.edu.br\/unidades\/valenca\/wp-json\/wp\/v2\/media?parent=5905"}],"wp:term":[{"taxonomy":"category","embeddable":true,"href":"https:\/\/www.ifbaiano.edu.br\/unidades\/valenca\/wp-json\/wp\/v2\/categories?post=5905"},{"taxonomy":"post_tag","embeddable":true,"href":"https:\/\/www.ifbaiano.edu.br\/unidades\/valenca\/wp-json\/wp\/v2\/tags?post=5905"}],"curies":[{"name":"wp","href":"https:\/\/api.w.org\/{rel}","templated":true}]}}