{"id":5963,"date":"2021-06-01T16:52:00","date_gmt":"2021-06-01T19:52:00","guid":{"rendered":"https:\/\/www.ifbaiano.edu.br\/unidades\/valenca\/?p=5963"},"modified":"2021-06-01T22:41:43","modified_gmt":"2021-06-02T01:41:43","slug":"if-baiano-oferta-mais-de-7-mil-vagas-para-cursos-tecnicos-em-toda-a-bahia","status":"publish","type":"post","link":"https:\/\/www.ifbaiano.edu.br\/unidades\/valenca\/2021\/06\/01\/if-baiano-oferta-mais-de-7-mil-vagas-para-cursos-tecnicos-em-toda-a-bahia\/","title":{"rendered":"IF Baiano lan\u00e7a editais para cursos t\u00e9cnicos com 470 vagas para Valen\u00e7a e regi\u00e3o"},"content":{"rendered":"\n<figure class=\"wp-block-image size-large\"><a href=\"https:\/\/concurso.ifbaiano.edu.br\/portal\/ingresso-de-estudantes-2021\/\"><img decoding=\"async\" loading=\"lazy\" width=\"5906\" height=\"1182\" src=\"https:\/\/www.ifbaiano.edu.br\/unidades\/valenca\/files\/2021\/06\/0001.jpg\" alt=\"\" class=\"wp-image-5979\" \/><\/a><\/figure>\n\n\n\n<p>O Instituto Federal Baiano (IF Baiano) publicou hoje, 31, os&nbsp;<a rel=\"noreferrer noopener\" href=\"https:\/\/concurso.ifbaiano.edu.br\/portal\/ingresso-de-estudantes-2021\/\" target=\"_blank\">editais do processo seletivo<\/a>&nbsp;para ingresso de estudantes nos cursos t\u00e9cnicos de n\u00edvel m\u00e9dio. Est\u00e3o em oferta 7.320 vagas em cursos das modalidades Integrada ou Subsequente ao ensino m\u00e9dio e Educa\u00e7\u00e3o \u00e0 dist\u00e2ncia. Desse total, 470 vagas s\u00e3o para cursos ofertados pelo&nbsp;<em>Campus<\/em>&nbsp;Valen\u00e7a.<\/p>\n\n\n\n<p>Para concorrer \u00e0s vagas, interessados devem realizar inscri\u00e7\u00e3o no per\u00edodo de 7 de junho a 9 de julho, exclusivamente no&nbsp;<a rel=\"noreferrer noopener\" href=\"https:\/\/concurso.fundacaocefetminas.org.br\/site\/processo_seletivo.aspx\" target=\"_blank\">site da Funda\u00e7\u00e3o CEFET Minas<\/a>. Ao preencher o formul\u00e1rio de inscri\u00e7\u00e3o, os candidatos poder\u00e3o optar por duas op\u00e7\u00f5es de curso, indicando a ordem de prefer\u00eancia,&nbsp;<em>campus<\/em>, semestre de oferta e turno para cada uma delas.<\/p>\n\n\n\n<p>A documenta\u00e7\u00e3o exigida nos editais tamb\u00e9m dever\u00e1 ser enviada, eletronicamente, anexada ao sistema da inscri\u00e7\u00e3o. Assim que for poss\u00edvel o retorno das atividades presenciais, os documentos originais ser\u00e3o solicitados para confer\u00eancia.<\/p>\n\n\n\n<p><strong>Reserva de vagas<\/strong><\/p>\n\n\n\n<p>Candidatos tamb\u00e9m devem sinalizar no momento da inscri\u00e7\u00e3o em qual categoria da Reserva de Vagas desejam concorrer. Para os cursos Integrados, o IF Baiano reserva 70% das vagas para candidatos que cursaram o ensino fundamental integralmente na rede p\u00fablica de ensino. Das demais vagas, 25% destinam-se a candidatos da ampla Concorr\u00eancia e 5% para pessoas com defici\u00eancia. Para os cursos Subsequentes, 50% das vagas se destinam a candidatos que cursaram o ensino m\u00e9dio na rede p\u00fablica, 45% para ampla concorr\u00eancia e 5% para pessoas com defici\u00eancia.<\/p>\n\n\n\n<p><strong>Cursos e modalidades<\/strong><\/p>\n\n\n\n<p>S\u00e3o 20 op\u00e7\u00f5es de cursos, dispon\u00edveis nos 14&nbsp;<em>campi&nbsp;<\/em>e em 20 polos EAD da institui\u00e7\u00e3o, localizados em todo o territ\u00f3rio baiano. <br>Meio ambiente, Agropecu\u00e1ria e Inform\u00e1tica s\u00e3o algumas das 20 op\u00e7\u00f5es de cursos, dispon\u00edveis nas modalidades: Integrada, para quem deseja cursar o ensino m\u00e9dio junto com o curso t\u00e9cnico, e Subsequente, para quem j\u00e1 concluiu o ensino m\u00e9dio. Estes cursos s\u00e3o oferecidos nos&nbsp;<em>campi&nbsp;<\/em>do IF Baiano em Alagoinhas, Bom Jesus da Lapa, Catu, Governador Mangabeira, Guanambi, Itaberaba, Itapetinga, Santa In\u00eas, Senhor do Bonfim, Serrinha, Teixeira de Freitas, Uru\u00e7uca, Valen\u00e7a e Xique-Xique.<\/p>\n\n\n\n<p>A novidade no processo seletivo 2021 \u00e9 a inclus\u00e3o dos cursos Subsequentes da modalidade EAD, com as op\u00e7\u00f5es Multimeios Did\u00e1ticos, Secretaria Escolar e Vendas. Os cursos EAD s\u00e3o oferecidos nos 14&nbsp;<em>campi&nbsp;<\/em>e em 21 polos EAD, localizados em Salvador, Santo Estev\u00e3o, Ibipitanga, Marcionilio Souza, Potiragu\u00e1, Marac\u00e1s, Caldeir\u00e3o Grande, Capim Grosso, Mundo Novo, Piritiba, Remanso, Araci, Ibirapu\u00e3, Itanh\u00e9m, Jucuru\u00e7u, Medeiros Neto, Mucuri, Nova Vi\u00e7osa, Mara\u00fa, Nazar\u00e9 e Ipuiara.<\/p>\n\n\n\n<p><strong>Vagas em Valen\u00e7a<\/strong><\/p>\n\n\n\n<p>Modalidade Integrada:<\/p>\n\n\n\n<ul><li>T\u00e9cnico em Agroecologia&nbsp;&#8211; 90 vagas 2021.1<\/li><li>T\u00e9cnico em Agropecu\u00e1ria&nbsp;&#8211; 90 vagas 2021.1<\/li><\/ul>\n\n\n\n<div class=\"wp-block-group\"><div class=\"wp-block-group__inner-container is-layout-flow\">\n<p>Modalidade Subsequente:<\/p>\n\n\n\n<ul><li>T\u00e9cnico em Agropecu\u00e1ria&nbsp;   &#8211; 35 vagas 2021.1 + 35 vagas 2021.2<\/li><li>T\u00e9cnico em Meio Ambiente &#8211; 30 vagas 2021.1 + 30 vagas 2021.2<\/li><\/ul>\n\n\n\n<p>Modalidade EAD (Educa\u00e7\u00e3o \u00e0 dist\u00e2ncia):<\/p>\n<\/div><\/div>\n\n\n\n<ul><li>Secretaria Escolar&nbsp;&#8211; 40 vagas 2021.2 (Polo: Valen\u00e7a) + 40 vagas 2021.2 (Polo: Nazar\u00e9)<\/li><li>Vendas &#8211; 40 vagas 2021.2 (Polo: Valen\u00e7a) + 40 vagas (Polo: Nazar\u00e9) <\/li><\/ul>\n\n\n\n<p><strong>Sele\u00e7\u00e3o<\/strong><\/p>\n\n\n\n<p>O processo de ingresso do IF Baiano para cursos da forma Integrada e Subsequente adota a an\u00e1lise de hist\u00f3rico escolar para classificar os candidatos e selecion\u00e1-los conforme a quantidade de vagas. Para isso, leva em conta a m\u00e9dia final resultante das notas das disciplinas de L\u00edngua Portuguesa e Matem\u00e1tica, do 6\u00ba, 7\u00ba e 8\u00ba anos do ensino fundamental \u2013 para candidatos aos cursos Integrados -, e do 1\u00ba e 2\u00ba anos do ensino m\u00e9dio \u2013 para os candidatos aos cursos Subsequentes.<\/p>\n\n\n\n<p>J\u00e1 para os cursos EAD, a sele\u00e7\u00e3o ser\u00e1 realizada mediante manifesta\u00e7\u00e3o de interesse na vaga e a classifica\u00e7\u00e3o dos candidatos ser\u00e1 obtida conforme a ordem de realiza\u00e7\u00e3o da inscri\u00e7\u00e3o.<\/p>\n\n\n\n<p><strong>Mais informa\u00e7\u00f5es<\/strong><\/p>\n\n\n\n<p>Consulte os editais e acompanhe atualiza\u00e7\u00f5es da sele\u00e7\u00e3o para cursos t\u00e9cnicos do IF Baiano&nbsp;<strong><a href=\"https:\/\/concurso.ifbaiano.edu.br\/portal\/ingresso-de-estudantes-2021\/\">nesta p\u00e1gina<\/a><\/strong>. D\u00favidas dever\u00e3o ser encaminhadas para o e-mail concursopublico@fundacaocefetminas.org.br<\/p>\n","protected":false},"excerpt":{"rendered":"<p>O Instituto Federal Baiano (IF Baiano) publicou hoje, 31, os&nbsp;editais do processo seletivo&nbsp;para ingresso de estudantes nos cursos t\u00e9cnicos de n\u00edvel m\u00e9dio. Est\u00e3o em oferta 7.320 vagas em cursos das modalidades Integrada ou Subsequente ao ensino m\u00e9dio e Educa\u00e7\u00e3o \u00e0 dist\u00e2ncia. Desse total, 470 vagas s\u00e3o para cursos ofertados pelo&nbsp;Campus&nbsp;Valen\u00e7a. Para concorrer \u00e0s vagas, interessados [&hellip;]<\/p>\n","protected":false},"author":146,"featured_media":5968,"comment_status":"open","ping_status":"open","sticky":false,"template":"","format":"standard","meta":[],"categories":[13,5,36,9,63],"tags":[81,80,82],"_links":{"self":[{"href":"https:\/\/www.ifbaiano.edu.br\/unidades\/valenca\/wp-json\/wp\/v2\/posts\/5963"}],"collection":[{"href":"https:\/\/www.ifbaiano.edu.br\/unidades\/valenca\/wp-json\/wp\/v2\/posts"}],"about":[{"href":"https:\/\/www.ifbaiano.edu.br\/unidades\/valenca\/wp-json\/wp\/v2\/types\/post"}],"author":[{"embeddable":true,"href":"https:\/\/www.ifbaiano.edu.br\/unidades\/valenca\/wp-json\/wp\/v2\/users\/146"}],"replies":[{"embeddable":true,"href":"https:\/\/www.ifbaiano.edu.br\/unidades\/valenca\/wp-json\/wp\/v2\/comments?post=5963"}],"version-history":[{"count":9,"href":"https:\/\/www.ifbaiano.edu.br\/unidades\/valenca\/wp-json\/wp\/v2\/posts\/5963\/revisions"}],"predecessor-version":[{"id":8320,"href":"https:\/\/www.ifbaiano.edu.br\/unidades\/valenca\/wp-json\/wp\/v2\/posts\/5963\/revisions\/8320"}],"wp:featuredmedia":[{"embeddable":true,"href":"https:\/\/www.ifbaiano.edu.br\/unidades\/valenca\/wp-json\/wp\/v2\/media\/5968"}],"wp:attachment":[{"href":"https:\/\/www.ifbaiano.edu.br\/unidades\/valenca\/wp-json\/wp\/v2\/media?parent=5963"}],"wp:term":[{"taxonomy":"category","embeddable":true,"href":"https:\/\/www.ifbaiano.edu.br\/unidades\/valenca\/wp-json\/wp\/v2\/categories?post=5963"},{"taxonomy":"post_tag","embeddable":true,"href":"https:\/\/www.ifbaiano.edu.br\/unidades\/valenca\/wp-json\/wp\/v2\/tags?post=5963"}],"curies":[{"name":"wp","href":"https:\/\/api.w.org\/{rel}","templated":true}]}}