{"id":6002,"date":"2021-06-11T17:52:01","date_gmt":"2021-06-11T20:52:01","guid":{"rendered":"https:\/\/www.ifbaiano.edu.br\/unidades\/valenca\/?p=6002"},"modified":"2021-06-11T17:52:12","modified_gmt":"2021-06-11T20:52:12","slug":"chamada-interna-para-processo-avaliativo-de-discentes-requisitantes-de-certificacao-do-ensino-medio","status":"publish","type":"post","link":"https:\/\/www.ifbaiano.edu.br\/unidades\/valenca\/2021\/06\/11\/chamada-interna-para-processo-avaliativo-de-discentes-requisitantes-de-certificacao-do-ensino-medio\/","title":{"rendered":"Chamada Interna para Processo Avaliativo de discentes requisitantes de Certifica\u00e7\u00e3o do Ensino M\u00e9dio"},"content":{"rendered":"\n<p>Esta Chamada objetiva normatizar o procedimento de Avalia\u00e7\u00e3o Interna para Certifica\u00e7\u00e3o do Ensino M\u00e9dio no \u00e2mbito do IF Baiano (<em>Campus<\/em> Valen\u00e7a), em car\u00e1ter excepcional, em fun\u00e7\u00e3o da pandemia da COVID-19. Para participar, o aluno deve estar matriculado no \u00faltimo per\u00edodo regular dos Cursos da Educa\u00e7\u00e3o Profissional T\u00e9cnica Integrada ao Ensino M\u00e9dio do IF Baiano (<em>Campus<\/em> Valen\u00e7a); ter sido aprovado em exames e\/ou vestibulares e convocado para ingresso em curso superior de institui\u00e7\u00f5es p\u00fablicas e\/ou privadas e solicitar \u00e0 Secretaria de Registros Acad\u00eamicos (<span class=\"has-inline-color has-vivid-cyan-blue-color\"><strong>secretaria@valenca.ifbaiano.edu.br<\/strong><\/span>) a declara\u00e7\u00e3o para conclus\u00e3o do Ensino M\u00e9dio conforme artigo 4\u00ba da Portaria Normativa 4\/2021 &#8211; RET-GAB\/RET\/IFBAIANO, de 26 de abril de 2021.<\/p>\n\n\n\n<p><strong>Confira o edital no link a seguir:<\/strong><\/p>\n\n\n\n<div class=\"wp-block-file\"><a href=\"https:\/\/www.ifbaiano.edu.br\/unidades\/valenca\/files\/2021\/06\/Chamada-interna-para-processo-avaliativo-de-discentes-requisitantes-de-certificacao-do-ensino-medio-.pdf\">Edital de Chamada Interna<\/a><a href=\"https:\/\/www.ifbaiano.edu.br\/unidades\/valenca\/files\/2021\/06\/Chamada-interna-para-processo-avaliativo-de-discentes-requisitantes-de-certificacao-do-ensino-medio-.pdf\" class=\"wp-block-file__button\" download>Baixar<\/a><\/div>\n","protected":false},"excerpt":{"rendered":"<p>Esta Chamada objetiva normatizar o procedimento de Avalia\u00e7\u00e3o Interna para Certifica\u00e7\u00e3o do Ensino M\u00e9dio no \u00e2mbito do IF Baiano (Campus Valen\u00e7a), em car\u00e1ter excepcional, em fun\u00e7\u00e3o da pandemia da COVID-19. Para participar, o aluno deve estar matriculado no \u00faltimo per\u00edodo regular dos Cursos da Educa\u00e7\u00e3o Profissional T\u00e9cnica Integrada ao Ensino M\u00e9dio do IF Baiano (Campus [&hellip;]<\/p>\n","protected":false},"author":146,"featured_media":0,"comment_status":"open","ping_status":"open","sticky":false,"template":"","format":"standard","meta":[],"categories":[11,35,32,63],"tags":[93,92,94],"_links":{"self":[{"href":"https:\/\/www.ifbaiano.edu.br\/unidades\/valenca\/wp-json\/wp\/v2\/posts\/6002"}],"collection":[{"href":"https:\/\/www.ifbaiano.edu.br\/unidades\/valenca\/wp-json\/wp\/v2\/posts"}],"about":[{"href":"https:\/\/www.ifbaiano.edu.br\/unidades\/valenca\/wp-json\/wp\/v2\/types\/post"}],"author":[{"embeddable":true,"href":"https:\/\/www.ifbaiano.edu.br\/unidades\/valenca\/wp-json\/wp\/v2\/users\/146"}],"replies":[{"embeddable":true,"href":"https:\/\/www.ifbaiano.edu.br\/unidades\/valenca\/wp-json\/wp\/v2\/comments?post=6002"}],"version-history":[{"count":5,"href":"https:\/\/www.ifbaiano.edu.br\/unidades\/valenca\/wp-json\/wp\/v2\/posts\/6002\/revisions"}],"predecessor-version":[{"id":6008,"href":"https:\/\/www.ifbaiano.edu.br\/unidades\/valenca\/wp-json\/wp\/v2\/posts\/6002\/revisions\/6008"}],"wp:attachment":[{"href":"https:\/\/www.ifbaiano.edu.br\/unidades\/valenca\/wp-json\/wp\/v2\/media?parent=6002"}],"wp:term":[{"taxonomy":"category","embeddable":true,"href":"https:\/\/www.ifbaiano.edu.br\/unidades\/valenca\/wp-json\/wp\/v2\/categories?post=6002"},{"taxonomy":"post_tag","embeddable":true,"href":"https:\/\/www.ifbaiano.edu.br\/unidades\/valenca\/wp-json\/wp\/v2\/tags?post=6002"}],"curies":[{"name":"wp","href":"https:\/\/api.w.org\/{rel}","templated":true}]}}