{"id":6043,"date":"2021-06-16T17:33:31","date_gmt":"2021-06-16T20:33:31","guid":{"rendered":"https:\/\/www.ifbaiano.edu.br\/unidades\/valenca\/?p=6043"},"modified":"2021-06-16T17:33:41","modified_gmt":"2021-06-16T20:33:41","slug":"ii-seminario-virtual-do-meio-ambiente-com-o-tema-o-meio-ambiente-no-contexto-da-pandemia-riscos-impactos-e-desafios-para-a-humanidade","status":"publish","type":"post","link":"https:\/\/www.ifbaiano.edu.br\/unidades\/valenca\/2021\/06\/16\/ii-seminario-virtual-do-meio-ambiente-com-o-tema-o-meio-ambiente-no-contexto-da-pandemia-riscos-impactos-e-desafios-para-a-humanidade\/","title":{"rendered":"II Semin\u00e1rio Virtual do Meio Ambiente, com o Tema: O MEIO AMBIENTE NO CONTEXTO DA PANDEMIA: RISCOS, IMPACTOS E DESAFIOS PARA A HUMANIDADE"},"content":{"rendered":"\n<p>O m\u00eas de junho \u00e9 marcado por a\u00e7\u00f5es ambientais simb\u00f3licas em todo o mundo desde a Confer\u00eancia de Estocolmo (1972). <br>A data 05 de junho, em refer\u00eancia \u00e0s discuss\u00f5es ambientais e humanas, tornou-se dia Internacional do Meio Ambiente.<\/p>\n\n\n\n<p>Diante de todo simbolismo, o curso T\u00e9cnico em Meio Ambiente &#8211; Subsequente do IF BAIANO campus Valen\u00e7a, convida a todos(as) para participarem do II Semin\u00e1rio Virtual do Meio Ambiente, com o Tema: O MEIO AMBIENTE NO CONTEXTO DA PANDEMIA: RISCOS, IMPACTOS E DESAFIOS PARA A HUMANIDADE.<\/p>\n\n\n\n<p>O Semin\u00e1rio acontecer\u00e1 dia <strong>17\/06\/2021<\/strong> e ser\u00e1 transmitido pela plataforma Youtube, no canal do <a href=\"https:\/\/youtu.be\/ym5YC68DaKg\"><strong>IFBaiano Campus Valen\u00e7a<\/strong><\/a>. <\/p>\n\n\n\n<p>O link de acesso ao evento no Youtube est\u00e1 dispon\u00edvel em: <a rel=\"noreferrer noopener\" href=\"https:\/\/youtu.be\/ym5YC68DaKg\" target=\"_blank\"><strong>https:\/\/youtu.be\/ym5YC68DaKg<\/strong><\/a><\/p>\n\n\n\n<p>As inscri\u00e7\u00f5es para o evento poder\u00e3o ser feitas acessando o link que est\u00e1 dispon\u00edvel na biografia do perfil do curso no instagram<strong>&nbsp;<a rel=\"noreferrer noopener\" href=\"https:\/\/www.instagram.com\/ifbaiano_meioambiente_valenca\/\" target=\"_blank\">@ifbaiano_meioambiente_valenca<\/a><\/strong>.<\/p>\n\n\n\n<p><\/p>\n","protected":false},"excerpt":{"rendered":"<p>O m\u00eas de junho \u00e9 marcado por a\u00e7\u00f5es ambientais simb\u00f3licas em todo o mundo desde a Confer\u00eancia de Estocolmo (1972). A data 05 de junho, em refer\u00eancia \u00e0s discuss\u00f5es ambientais e humanas, tornou-se dia Internacional do Meio Ambiente. Diante de todo simbolismo, o curso T\u00e9cnico em Meio Ambiente &#8211; Subsequente do IF BAIANO campus Valen\u00e7a, [&hellip;]<\/p>\n","protected":false},"author":146,"featured_media":6044,"comment_status":"open","ping_status":"open","sticky":false,"template":"","format":"standard","meta":[],"categories":[34,28,63],"tags":[95,64,99,98],"_links":{"self":[{"href":"https:\/\/www.ifbaiano.edu.br\/unidades\/valenca\/wp-json\/wp\/v2\/posts\/6043"}],"collection":[{"href":"https:\/\/www.ifbaiano.edu.br\/unidades\/valenca\/wp-json\/wp\/v2\/posts"}],"about":[{"href":"https:\/\/www.ifbaiano.edu.br\/unidades\/valenca\/wp-json\/wp\/v2\/types\/post"}],"author":[{"embeddable":true,"href":"https:\/\/www.ifbaiano.edu.br\/unidades\/valenca\/wp-json\/wp\/v2\/users\/146"}],"replies":[{"embeddable":true,"href":"https:\/\/www.ifbaiano.edu.br\/unidades\/valenca\/wp-json\/wp\/v2\/comments?post=6043"}],"version-history":[{"count":5,"href":"https:\/\/www.ifbaiano.edu.br\/unidades\/valenca\/wp-json\/wp\/v2\/posts\/6043\/revisions"}],"predecessor-version":[{"id":6049,"href":"https:\/\/www.ifbaiano.edu.br\/unidades\/valenca\/wp-json\/wp\/v2\/posts\/6043\/revisions\/6049"}],"wp:featuredmedia":[{"embeddable":true,"href":"https:\/\/www.ifbaiano.edu.br\/unidades\/valenca\/wp-json\/wp\/v2\/media\/6044"}],"wp:attachment":[{"href":"https:\/\/www.ifbaiano.edu.br\/unidades\/valenca\/wp-json\/wp\/v2\/media?parent=6043"}],"wp:term":[{"taxonomy":"category","embeddable":true,"href":"https:\/\/www.ifbaiano.edu.br\/unidades\/valenca\/wp-json\/wp\/v2\/categories?post=6043"},{"taxonomy":"post_tag","embeddable":true,"href":"https:\/\/www.ifbaiano.edu.br\/unidades\/valenca\/wp-json\/wp\/v2\/tags?post=6043"}],"curies":[{"name":"wp","href":"https:\/\/api.w.org\/{rel}","templated":true}]}}