{"id":6050,"date":"2021-06-16T18:49:10","date_gmt":"2021-06-16T21:49:10","guid":{"rendered":"https:\/\/www.ifbaiano.edu.br\/unidades\/valenca\/?p=6050"},"modified":"2021-06-18T16:00:32","modified_gmt":"2021-06-18T19:00:32","slug":"live-de-apresentacao-do-sistema-unificado-de-administracao-publica-suap","status":"publish","type":"post","link":"https:\/\/www.ifbaiano.edu.br\/unidades\/valenca\/2021\/06\/16\/live-de-apresentacao-do-sistema-unificado-de-administracao-publica-suap\/","title":{"rendered":"Live de apresenta\u00e7\u00e3o do Sistema Unificado de Administra\u00e7\u00e3o P\u00fablica \u2013 SUAP"},"content":{"rendered":"\n<div class=\"wp-block-group\"><div class=\"wp-block-group__inner-container is-layout-flow\">\n<div class=\"wp-block-group\"><div class=\"wp-block-group__inner-container is-layout-flow\">\n<div class=\"wp-block-columns is-layout-flex wp-container-4\">\n<div class=\"wp-block-column is-layout-flow\" style=\"flex-basis:100%\">\n<div class=\"wp-block-columns is-layout-flex wp-container-2\">\n<div class=\"wp-block-column is-layout-flow\" style=\"flex-basis:100%\">\n<div class=\"wp-block-image is-style-rounded\"><figure class=\"aligncenter size-large is-resized\"><a href=\"https:\/\/conferenciaweb.rnp.br\/webconf\/dgti\" target=\"_blank\" rel=\"noopener\"><img decoding=\"async\" loading=\"lazy\" src=\"https:\/\/www.ifbaiano.edu.br\/unidades\/valenca\/files\/2021\/06\/Apresentacao_SUAP.png\" alt=\"\" class=\"wp-image-6051\" width=\"411\" height=\"395\" \/><\/a><\/figure><\/div>\n<\/div>\n<\/div>\n<\/div>\n<\/div>\n<\/div><\/div>\n<\/div><\/div>\n\n\n\n<p>\ud83d\udd34 Aten\u00e7\u00e3o, estudantes! Na pr\u00f3xima ter\u00e7a-feira, 22, temos um encontro marcado! Salva na agenda! \ud83d\udd34<\/p>\n\n\n\n<p>A equipe da DGTI vai fazer uma apresenta\u00e7\u00e3o da \u00c1rea do Aluno na Plataforma <strong><a href=\"https:\/\/suap.ifbaiano.edu.br\" data-type=\"URL\" data-id=\"https:\/\/suap.ifbaiano.edu.br\" target=\"_blank\" rel=\"noreferrer noopener\">Suap<\/a>. <\/strong>\u00c9 nesse sistema que est\u00e3o concentradas todas as suas informa\u00e7\u00f5es, registros acad\u00eamicos, renova\u00e7\u00e3o de matr\u00edcula, etc.<\/p>\n\n\n\n<p>Al\u00e9m disso, \u00e9 l\u00e1 que voc\u00eas podem visualizar e gerar documentos, tais como: declara\u00e7\u00e3o de matr\u00edcula e hist\u00f3rico escolar. \ud83d\udcdd<\/p>\n\n\n\n<p>E se voc\u00ea tem alguma d\u00favida na utiliza\u00e7\u00e3o do sistema, j\u00e1 prepara porque haver\u00e1 espa\u00e7o para o envio de perguntas. \ud83d\ude09<\/p>\n\n\n\n<p>N\u00e3o esquece! O encontro come\u00e7a \u00e0s 14h30, no link: <strong><strong><a rel=\"noreferrer noopener\" href=\"https:\/\/conferenciaweb.rnp.br\/webconf\/dgti\" target=\"_blank\">conferenciaweb.rnp.br\/webconf\/dgti<\/a><\/strong><\/strong><\/p>\n\n\n\n<p>Agende e compare\u00e7a. Aguardamos voc\u00eas!<\/p>\n\n\n\n<div class=\"wp-block-group alignwide is-layout-flow\"><div class=\"wp-block-group__inner-container\"><\/div><\/div>\n\n\n\n<p><\/p>\n","protected":false},"excerpt":{"rendered":"<p>\ud83d\udd34 Aten\u00e7\u00e3o, estudantes! Na pr\u00f3xima ter\u00e7a-feira, 22, temos um encontro marcado! Salva na agenda! \ud83d\udd34 A equipe da DGTI vai fazer uma apresenta\u00e7\u00e3o da \u00c1rea do Aluno na Plataforma Suap. \u00c9 nesse sistema que est\u00e3o concentradas todas as suas informa\u00e7\u00f5es, registros acad\u00eamicos, renova\u00e7\u00e3o de matr\u00edcula, etc. Al\u00e9m disso, \u00e9 l\u00e1 que voc\u00eas podem visualizar e [&hellip;]<\/p>\n","protected":false},"author":146,"featured_media":0,"comment_status":"open","ping_status":"open","sticky":false,"template":"","format":"standard","meta":[],"categories":[63],"tags":[],"_links":{"self":[{"href":"https:\/\/www.ifbaiano.edu.br\/unidades\/valenca\/wp-json\/wp\/v2\/posts\/6050"}],"collection":[{"href":"https:\/\/www.ifbaiano.edu.br\/unidades\/valenca\/wp-json\/wp\/v2\/posts"}],"about":[{"href":"https:\/\/www.ifbaiano.edu.br\/unidades\/valenca\/wp-json\/wp\/v2\/types\/post"}],"author":[{"embeddable":true,"href":"https:\/\/www.ifbaiano.edu.br\/unidades\/valenca\/wp-json\/wp\/v2\/users\/146"}],"replies":[{"embeddable":true,"href":"https:\/\/www.ifbaiano.edu.br\/unidades\/valenca\/wp-json\/wp\/v2\/comments?post=6050"}],"version-history":[{"count":8,"href":"https:\/\/www.ifbaiano.edu.br\/unidades\/valenca\/wp-json\/wp\/v2\/posts\/6050\/revisions"}],"predecessor-version":[{"id":6067,"href":"https:\/\/www.ifbaiano.edu.br\/unidades\/valenca\/wp-json\/wp\/v2\/posts\/6050\/revisions\/6067"}],"wp:attachment":[{"href":"https:\/\/www.ifbaiano.edu.br\/unidades\/valenca\/wp-json\/wp\/v2\/media?parent=6050"}],"wp:term":[{"taxonomy":"category","embeddable":true,"href":"https:\/\/www.ifbaiano.edu.br\/unidades\/valenca\/wp-json\/wp\/v2\/categories?post=6050"},{"taxonomy":"post_tag","embeddable":true,"href":"https:\/\/www.ifbaiano.edu.br\/unidades\/valenca\/wp-json\/wp\/v2\/tags?post=6050"}],"curies":[{"name":"wp","href":"https:\/\/api.w.org\/{rel}","templated":true}]}}