{"id":6059,"date":"2021-06-17T17:44:04","date_gmt":"2021-06-17T20:44:04","guid":{"rendered":"https:\/\/www.ifbaiano.edu.br\/unidades\/valenca\/?p=6059"},"modified":"2021-07-29T15:23:14","modified_gmt":"2021-07-29T18:23:14","slug":"livro-baixo-sul-da-bahia-territorio-educacao-e-identidades","status":"publish","type":"post","link":"https:\/\/www.ifbaiano.edu.br\/unidades\/valenca\/2021\/06\/17\/livro-baixo-sul-da-bahia-territorio-educacao-e-identidades\/","title":{"rendered":"Livro Baixo Sul da Bahia: territ\u00f3rio, educa\u00e7\u00e3o e identidades"},"content":{"rendered":"\n<p>O livro BAIXO SUL DA BAHIA: TERRIT\u00d3RIO, IDENTIDADES E EDUCA\u00c7\u00c3O \u00e9 um subs\u00eddio para a aplica\u00e7\u00e3o das leis 10.639\/03 e 11.645\/0 na Costa do Dend\u00ea. Essa legisla\u00e7\u00e3o obriga o ensino da Hist\u00f3ria da \u00c1frica e dos Amer\u00edndios e das Culturas Afro-brasileira e Ind\u00edgenas nas escolas do pa\u00eds!<\/p>\n\n\n\n<div class=\"wp-block-image is-style-default\"><figure class=\"aligncenter size-large is-resized\"><a href=\"https:\/\/www.ifbaiano.edu.br\/unidades\/valenca\/files\/2021\/06\/d9c5e6b3-3cb9-4c11-a5e3-3d8fe432ad3b.jpg\"><img decoding=\"async\" loading=\"lazy\" src=\"https:\/\/www.ifbaiano.edu.br\/unidades\/valenca\/files\/2021\/06\/d9c5e6b3-3cb9-4c11-a5e3-3d8fe432ad3b.jpg\" alt=\"E-book Baixo Sul REAFRO\" class=\"wp-image-6060\" width=\"322\" height=\"445\" \/><\/a><\/figure><\/div>\n\n\n\n<p>Esta \u00e9 a primeira publica\u00e7\u00e3o do Reafro e \u00e9 fruto do Semin\u00e1rio Reafro Conecta (2020). Foi organizada pelo IF Baiano atrav\u00e9s das professoras que coordenam a referida especializa\u00e7\u00e3o e o <a rel=\"noreferrer noopener\" href=\"https:\/\/instagram.com\/neabi.ifbaiano.valenca?utm_medium=copy_link\" data-type=\"URL\" data-id=\"https:\/\/instagram.com\/neabi.ifbaiano.valenca?utm_medium=copy_link\" target=\"_blank\">Neabi<\/a> do IF Baiano Campus Valen\u00e7a, respectivamente. Agrega pesquisas recentes de aspectos hist\u00f3ricos, sociais, antropol\u00f3gicos, geogr\u00e1ficos, econ\u00f4micos e educacionais, \u00e0 luz de estudos \u00e9tnicos sobre as popula\u00e7\u00f5es da regi\u00e3o.<\/p>\n\n\n\n<p>\u00c9 uma colet\u00e2nea in\u00e9dita e indispens\u00e1vel para educadores locais! Mas, sua leitura \u00e9 fonte de in\u00fameras reflex\u00f5es sobre a Educa\u00e7\u00e3o e Diversidade, inspirando novos modos de educar para as rela\u00e7\u00f5es \u00e9tnico-raciais em qualquer lugar!!<\/p>\n\n\n\n<p>Baixe o livro gratuitamente atrav\u00e9s do link: <br>\ud83d\udc49 <a href=\"https:\/\/drive.google.com\/file\/d\/1Nk2Oc5wytAFpwIeGTr_ccJE-k9ik5IB3\/view\">https:\/\/drive.google.com\/file\/d\/1Nk2Oc5wytAFpwIeGTr_ccJE-k9ik5IB3\/view<\/a><\/p>\n\n\n\n<p><br><br><\/p>\n","protected":false},"excerpt":{"rendered":"<p>O livro BAIXO SUL DA BAHIA: TERRIT\u00d3RIO, IDENTIDADES E EDUCA\u00c7\u00c3O \u00e9 um subs\u00eddio para a aplica\u00e7\u00e3o das leis 10.639\/03 e 11.645\/0 na Costa do Dend\u00ea. Essa legisla\u00e7\u00e3o obriga o ensino da Hist\u00f3ria da \u00c1frica e dos Amer\u00edndios e das Culturas Afro-brasileira e Ind\u00edgenas nas escolas do pa\u00eds! Esta \u00e9 a primeira publica\u00e7\u00e3o do Reafro e [&hellip;]<\/p>\n","protected":false},"author":146,"featured_media":6151,"comment_status":"open","ping_status":"open","sticky":false,"template":"","format":"standard","meta":[],"categories":[5,63],"tags":[100,101,102],"_links":{"self":[{"href":"https:\/\/www.ifbaiano.edu.br\/unidades\/valenca\/wp-json\/wp\/v2\/posts\/6059"}],"collection":[{"href":"https:\/\/www.ifbaiano.edu.br\/unidades\/valenca\/wp-json\/wp\/v2\/posts"}],"about":[{"href":"https:\/\/www.ifbaiano.edu.br\/unidades\/valenca\/wp-json\/wp\/v2\/types\/post"}],"author":[{"embeddable":true,"href":"https:\/\/www.ifbaiano.edu.br\/unidades\/valenca\/wp-json\/wp\/v2\/users\/146"}],"replies":[{"embeddable":true,"href":"https:\/\/www.ifbaiano.edu.br\/unidades\/valenca\/wp-json\/wp\/v2\/comments?post=6059"}],"version-history":[{"count":6,"href":"https:\/\/www.ifbaiano.edu.br\/unidades\/valenca\/wp-json\/wp\/v2\/posts\/6059\/revisions"}],"predecessor-version":[{"id":6375,"href":"https:\/\/www.ifbaiano.edu.br\/unidades\/valenca\/wp-json\/wp\/v2\/posts\/6059\/revisions\/6375"}],"wp:featuredmedia":[{"embeddable":true,"href":"https:\/\/www.ifbaiano.edu.br\/unidades\/valenca\/wp-json\/wp\/v2\/media\/6151"}],"wp:attachment":[{"href":"https:\/\/www.ifbaiano.edu.br\/unidades\/valenca\/wp-json\/wp\/v2\/media?parent=6059"}],"wp:term":[{"taxonomy":"category","embeddable":true,"href":"https:\/\/www.ifbaiano.edu.br\/unidades\/valenca\/wp-json\/wp\/v2\/categories?post=6059"},{"taxonomy":"post_tag","embeddable":true,"href":"https:\/\/www.ifbaiano.edu.br\/unidades\/valenca\/wp-json\/wp\/v2\/tags?post=6059"}],"curies":[{"name":"wp","href":"https:\/\/api.w.org\/{rel}","templated":true}]}}