{"id":6084,"date":"2021-06-23T14:49:35","date_gmt":"2021-06-23T17:49:35","guid":{"rendered":"https:\/\/www.ifbaiano.edu.br\/unidades\/valenca\/?p=6084"},"modified":"2021-07-05T18:54:30","modified_gmt":"2021-07-05T21:54:30","slug":"ja-fez-sua-inscricao-no-processo-seletivo-2021-tem-alguma-duvida-acompanhe-o-passo-a-passo-conosco-%f0%9f%98%89","status":"publish","type":"post","link":"https:\/\/www.ifbaiano.edu.br\/unidades\/valenca\/2021\/06\/23\/ja-fez-sua-inscricao-no-processo-seletivo-2021-tem-alguma-duvida-acompanhe-o-passo-a-passo-conosco-%f0%9f%98%89\/","title":{"rendered":"J\u00e1 fez sua inscri\u00e7\u00e3o no Processo Seletivo 2021? Tem alguma d\u00favida? Acompanhe o passo a passo conosco! \ud83d\ude09"},"content":{"rendered":"\n<p>Lembrando que s\u00e3o 7.320 vagas para cursos t\u00e9cnicos (integrados ou subsequentes) e as inscri\u00e7\u00f5es v\u00e3o at\u00e9&nbsp;<strong>9 de julho<\/strong>! O <em>Campus Valen\u00e7a oferta 470 vagas para os cursos Agroecologia, Agropecu\u00e1ria, Meio Ambiente, Secretaria Escolar e Vendas<\/em>.<\/p>\n\n\n\n<div class=\"wp-block-image is-style-default\"><figure class=\"aligncenter size-large\"><img decoding=\"async\" loading=\"lazy\" width=\"1080\" height=\"1080\" src=\"https:\/\/www.ifbaiano.edu.br\/unidades\/valenca\/files\/2021\/05\/card-valenca-ingresso-2021.jpg\" alt=\"\" class=\"wp-image-5968\" \/><\/figure><\/div>\n\n\n\n<p><strong>Acompanhe o passo a passo da inscri\u00e7\u00e3o, atrav\u00e9s do link abaixo: <\/strong><\/p>\n\n\n\n<div class=\"wp-block-file\"><a href=\"https:\/\/www.ifbaiano.edu.br\/unidades\/valenca\/files\/2021\/06\/Tutorial-inscricoes-Prosel-2021.pdf\">\ud83d\udc49<strong> Tutorial-inscricoes-Prosel-2021<\/strong><\/a><a href=\"https:\/\/www.ifbaiano.edu.br\/unidades\/valenca\/files\/2021\/06\/Tutorial-inscricoes-Prosel-2021.pdf\" class=\"wp-block-file__button\" download>Baixar<\/a><\/div>\n\n\n\n<h4 class=\"wp-block-heading\">Mais informa\u00e7\u00f5es<\/h4>\n\n\n\n<p>Consulte os editais e acompanhe todas as atualiza\u00e7\u00f5es da sele\u00e7\u00e3o para cursos t\u00e9cnicos do IF Baiano <a href=\"https:\/\/concurso.ifbaiano.edu.br\/portal\/ingresso-de-estudantes-2021\/\" rel=\"noreferrer noopener\" target=\"_blank\">nesta p\u00e1gina<\/a>. D\u00favidas dever\u00e3o ser encaminhadas para o e-mail: <a href=\"mailto:concursopublico@fundacaocefetminas.org.br\" rel=\"noreferrer noopener\" target=\"_blank\">concursopublico@fundacaocefetminas.org.br<\/a><\/p>\n","protected":false},"excerpt":{"rendered":"<p>Lembrando que s\u00e3o 7.320 vagas para cursos t\u00e9cnicos (integrados ou subsequentes) e as inscri\u00e7\u00f5es v\u00e3o at\u00e9&nbsp;9 de julho! O Campus Valen\u00e7a oferta 470 vagas para os cursos Agroecologia, Agropecu\u00e1ria, Meio Ambiente, Secretaria Escolar e Vendas. Acompanhe o passo a passo da inscri\u00e7\u00e3o, atrav\u00e9s do link abaixo: Mais informa\u00e7\u00f5es Consulte os editais e acompanhe todas as [&hellip;]<\/p>\n","protected":false},"author":146,"featured_media":6097,"comment_status":"open","ping_status":"open","sticky":false,"template":"","format":"standard","meta":[],"categories":[13,5,36,9,63],"tags":[105,106,64,103,104],"_links":{"self":[{"href":"https:\/\/www.ifbaiano.edu.br\/unidades\/valenca\/wp-json\/wp\/v2\/posts\/6084"}],"collection":[{"href":"https:\/\/www.ifbaiano.edu.br\/unidades\/valenca\/wp-json\/wp\/v2\/posts"}],"about":[{"href":"https:\/\/www.ifbaiano.edu.br\/unidades\/valenca\/wp-json\/wp\/v2\/types\/post"}],"author":[{"embeddable":true,"href":"https:\/\/www.ifbaiano.edu.br\/unidades\/valenca\/wp-json\/wp\/v2\/users\/146"}],"replies":[{"embeddable":true,"href":"https:\/\/www.ifbaiano.edu.br\/unidades\/valenca\/wp-json\/wp\/v2\/comments?post=6084"}],"version-history":[{"count":10,"href":"https:\/\/www.ifbaiano.edu.br\/unidades\/valenca\/wp-json\/wp\/v2\/posts\/6084\/revisions"}],"predecessor-version":[{"id":6206,"href":"https:\/\/www.ifbaiano.edu.br\/unidades\/valenca\/wp-json\/wp\/v2\/posts\/6084\/revisions\/6206"}],"wp:featuredmedia":[{"embeddable":true,"href":"https:\/\/www.ifbaiano.edu.br\/unidades\/valenca\/wp-json\/wp\/v2\/media\/6097"}],"wp:attachment":[{"href":"https:\/\/www.ifbaiano.edu.br\/unidades\/valenca\/wp-json\/wp\/v2\/media?parent=6084"}],"wp:term":[{"taxonomy":"category","embeddable":true,"href":"https:\/\/www.ifbaiano.edu.br\/unidades\/valenca\/wp-json\/wp\/v2\/categories?post=6084"},{"taxonomy":"post_tag","embeddable":true,"href":"https:\/\/www.ifbaiano.edu.br\/unidades\/valenca\/wp-json\/wp\/v2\/tags?post=6084"}],"curies":[{"name":"wp","href":"https:\/\/api.w.org\/{rel}","templated":true}]}}