{"id":6138,"date":"2021-06-28T16:45:23","date_gmt":"2021-06-28T19:45:23","guid":{"rendered":"https:\/\/www.ifbaiano.edu.br\/unidades\/valenca\/?p=6138"},"modified":"2021-06-28T17:11:49","modified_gmt":"2021-06-28T20:11:49","slug":"resultado-preliminar-edital-n-57-21-vagas-ociosas-do-curso-de-ciencias-biologicas","status":"publish","type":"post","link":"https:\/\/www.ifbaiano.edu.br\/unidades\/valenca\/2021\/06\/28\/resultado-preliminar-edital-n-57-21-vagas-ociosas-do-curso-de-ciencias-biologicas\/","title":{"rendered":"Resultado preliminar Edital n\u00b0 57\/21 &#8211; Vagas ociosas do curso de Ci\u00eancias Biol\u00f3gicas"},"content":{"rendered":"\n<p>O IF Baiano \u2013&nbsp;<em>Campus Valen\u00e7a<\/em> torna p\u00fablico o Resultado Preliminar do Processo Seletivo regido pelo Edital N\u00ba 57, de 02 de junho de 2021, referente \u00e0 sele\u00e7\u00e3o de candidatos para preenchimento de vagas ociosas no \u00e2mbito do curso de Licenciatura em Ci\u00eancias Biol\u00f3gicas \u2013 <em>Campus Valen\u00e7a<\/em>.<\/p>\n\n\n\n<p><strong>Confira <strong>o resultado preliminar<\/strong> no link abaixo :<\/strong><\/p>\n\n\n\n<div class=\"wp-block-file\"><a href=\"https:\/\/www.ifbaiano.edu.br\/unidades\/valenca\/files\/2021\/06\/Resultado-preliminar-Vagas-ociosas-do-curso-de-Lic.-em-Ciencias-Biologicas.pdf\"> RESULTADO PRELIMINAR<\/a><a href=\"https:\/\/www.ifbaiano.edu.br\/unidades\/valenca\/files\/2021\/06\/Resultado-preliminar-Vagas-ociosas-do-curso-de-Lic.-em-Ciencias-Biologicas.pdf\" class=\"wp-block-file__button\" download>Baixar<\/a><\/div>\n\n\n\n<p><strong>Acompanhe as atualiza\u00e7\u00f5es sobre a sele\u00e7\u00e3o na&nbsp;<\/strong><a href=\"https:\/\/concurso.ifbaiano.edu.br\/portal\/vagas-graduacao-valenca-junho-2021\/\" target=\"_blank\" rel=\"noreferrer noopener\"><strong>p\u00e1gina do certame<\/strong><\/a><strong>.<\/strong><\/p>\n","protected":false},"excerpt":{"rendered":"<p>O IF Baiano \u2013&nbsp;Campus Valen\u00e7a torna p\u00fablico o Resultado Preliminar do Processo Seletivo regido pelo Edital N\u00ba 57, de 02 de junho de 2021, referente \u00e0 sele\u00e7\u00e3o de candidatos para preenchimento de vagas ociosas no \u00e2mbito do curso de Licenciatura em Ci\u00eancias Biol\u00f3gicas \u2013 Campus Valen\u00e7a. Confira o resultado preliminar no link abaixo : Acompanhe [&hellip;]<\/p>\n","protected":false},"author":146,"featured_media":5993,"comment_status":"open","ping_status":"open","sticky":false,"template":"","format":"standard","meta":[],"categories":[12,5,9,32,63],"tags":[80,109,108,84],"_links":{"self":[{"href":"https:\/\/www.ifbaiano.edu.br\/unidades\/valenca\/wp-json\/wp\/v2\/posts\/6138"}],"collection":[{"href":"https:\/\/www.ifbaiano.edu.br\/unidades\/valenca\/wp-json\/wp\/v2\/posts"}],"about":[{"href":"https:\/\/www.ifbaiano.edu.br\/unidades\/valenca\/wp-json\/wp\/v2\/types\/post"}],"author":[{"embeddable":true,"href":"https:\/\/www.ifbaiano.edu.br\/unidades\/valenca\/wp-json\/wp\/v2\/users\/146"}],"replies":[{"embeddable":true,"href":"https:\/\/www.ifbaiano.edu.br\/unidades\/valenca\/wp-json\/wp\/v2\/comments?post=6138"}],"version-history":[{"count":7,"href":"https:\/\/www.ifbaiano.edu.br\/unidades\/valenca\/wp-json\/wp\/v2\/posts\/6138\/revisions"}],"predecessor-version":[{"id":6157,"href":"https:\/\/www.ifbaiano.edu.br\/unidades\/valenca\/wp-json\/wp\/v2\/posts\/6138\/revisions\/6157"}],"wp:featuredmedia":[{"embeddable":true,"href":"https:\/\/www.ifbaiano.edu.br\/unidades\/valenca\/wp-json\/wp\/v2\/media\/5993"}],"wp:attachment":[{"href":"https:\/\/www.ifbaiano.edu.br\/unidades\/valenca\/wp-json\/wp\/v2\/media?parent=6138"}],"wp:term":[{"taxonomy":"category","embeddable":true,"href":"https:\/\/www.ifbaiano.edu.br\/unidades\/valenca\/wp-json\/wp\/v2\/categories?post=6138"},{"taxonomy":"post_tag","embeddable":true,"href":"https:\/\/www.ifbaiano.edu.br\/unidades\/valenca\/wp-json\/wp\/v2\/tags?post=6138"}],"curies":[{"name":"wp","href":"https:\/\/api.w.org\/{rel}","templated":true}]}}