{"id":6203,"date":"2021-07-05T19:52:55","date_gmt":"2021-07-05T22:52:55","guid":{"rendered":"https:\/\/www.ifbaiano.edu.br\/unidades\/valenca\/?p=6203"},"modified":"2021-07-06T19:52:03","modified_gmt":"2021-07-06T22:52:03","slug":"ultimos-dias-de-inscricoes-para-o-processo-seletivo-2021","status":"publish","type":"post","link":"https:\/\/www.ifbaiano.edu.br\/unidades\/valenca\/2021\/07\/05\/ultimos-dias-de-inscricoes-para-o-processo-seletivo-2021\/","title":{"rendered":"Inscri\u00e7\u00f5es para os cursos t\u00e9cnicos do IF Baiano encerram nesta sexta-feira (9)"},"content":{"rendered":"\n<p class=\"has-text-align-center\"><em>Campus Valen\u00e7a oferta 470 vagas para os cursos Agroecologia, Agropecu\u00e1ria, Meio Ambiente, Secretaria Escolar e Vendas<\/em><\/p>\n\n\n\n<p>Encerra na pr\u00f3xima sexta-feira, 9, o prazo de inscri\u00e7\u00e3o para o processo que selecionar\u00e1 estudantes para ingresso nas 7.320 vagas de cursos t\u00e9cnicos (modalidades presencial e Educa\u00e7\u00e3o a Dist\u00e2ncia &#8211; EAD) do Instituto Federal Baiano (IF Baiano). As inscri\u00e7\u00f5es s\u00e3o gratuitas e est\u00e3o sendo realizadas exclusivamente on-line pelo <a rel=\"noreferrer noopener\" href=\"https:\/\/concurso.fundacaocefetminas.org.br\/site\/processo_seletivo.aspx\" target=\"_blank\">portal da Funda\u00e7\u00e3o CEFETMINAS<\/a>.<\/p>\n\n\n\n<div class=\"wp-block-group\"><div class=\"wp-block-group__inner-container is-layout-flow\">\n<div class=\"wp-block-image is-style-default\"><figure class=\"aligncenter size-large is-resized\"><a href=\"https:\/\/concurso.ifbaiano.edu.br\/portal\/ingresso-de-estudantes-2021\/\" target=\"_blank\" rel=\"noopener\"><img decoding=\"async\" loading=\"lazy\" src=\"https:\/\/www.ifbaiano.edu.br\/unidades\/valenca\/files\/2021\/07\/WhatsApp-Image-2021-07-05-at-13.12.10.jpeg\" alt=\"ingresso.ifbaiano.edu.br\" class=\"wp-image-6207\" width=\"469\" height=\"469\" \/><\/a><\/figure><\/div>\n<\/div><\/div>\n\n\n\n<p><strong>Como se inscrever?<\/strong><\/p>\n\n\n\n<p>As vagas est\u00e3o distribu\u00eddas em 21 op\u00e7\u00f5es de cursos, nos 14 <em>campi <\/em>e 20 polos EAD da institui\u00e7\u00e3o, localizados em todo o territ\u00f3rio baiano. Para se inscrever, o candidato deve ler atentamente os editais, acessar o site da Funda\u00e7\u00e3o CEFET Minas, preencher os formul\u00e1rios e anexar c\u00f3pias da documenta\u00e7\u00e3o exigida em<a rel=\"noreferrer noopener\" href=\"https:\/\/concurso.ifbaiano.edu.br\/portal\/ingresso-de-estudantes-2021\/\" target=\"_blank\"> edital<\/a>.\u00a0<\/p>\n\n\n\n<p>Todo o passo a passo de inscri\u00e7\u00e3o est\u00e1 detalhado no<a rel=\"noreferrer noopener\" href=\"https:\/\/concurso.ifbaiano.edu.br\/portal\/ingresso-de-estudantes-2021\/wp-content\/uploads\/sites\/402\/2021\/06\/Manual-do-Candidato-PS-IF-BAiano-Sistema-de-Inscricoes-2021.pdf\" target=\"_blank\"> Manual do Candidato<\/a> produzido pela\u00a0 Funda\u00e7\u00e3o CEFETMINAS.<\/p>\n\n\n\n<p><strong>Documenta\u00e7\u00e3o necess\u00e1ria<\/strong><\/p>\n\n\n\n<p>Est\u00e3o listados na documenta\u00e7\u00e3o exigida: RG, CPF, hist\u00f3rico escolar do Ensino Fundamental ou declara\u00e7\u00e3o da escola com as notas de L\u00edngua Portuguesa e Matem\u00e1tica, para inscri\u00e7\u00e3o em cursos integrados, e hist\u00f3rico escolar do Ensino M\u00e9dio para cursos subsequentes. Assim que for poss\u00edvel o retorno das atividades presenciais, os documentos originais ser\u00e3o solicitados para confer\u00eancia.\u00a0<\/p>\n\n\n\n<p>Caso o candidato n\u00e3o possua RG, poder\u00e1 apresentar o protocolo contendo o n\u00famero da solicita\u00e7\u00e3o de RG junto ao \u00f3rg\u00e3o expedidor do documento ou, ainda, a certid\u00e3o de nascimento.<\/p>\n\n\n\n<p><strong>Prazos importantes<\/strong><\/p>\n\n\n\n<p>Ap\u00f3s confirmada, n\u00e3o \u00e9 poss\u00edvel realizar altera\u00e7\u00f5es na inscri\u00e7\u00e3o. Para corrigir dados ou op\u00e7\u00f5es selecionadas na inscri\u00e7\u00e3o, o candidato precisa solicitar a exclus\u00e3o da inscri\u00e7\u00e3o por e-mail para <a rel=\"noreferrer noopener\" href=\"mailto:concursopublico@fundacaocefetminas.org.br\" target=\"_blank\">concursopublico@fundacaocefetminas.org.br<\/a>.\u00a0 O prazo para solicita\u00e7\u00f5es de corre\u00e7\u00f5es e altera\u00e7\u00f5es de dados encerra um dia antes do fim das inscri\u00e7\u00f5es, na pr\u00f3xima quinta-feira, 8. A lista preliminar com as inscri\u00e7\u00f5es confirmadas ser\u00e1 divulgada no pr\u00f3ximo dia 14 e o resultado final no dia 2 de agosto.<\/p>\n\n\n\n<p><strong>Cursos e vagas<\/strong><\/p>\n\n\n\n<p>No Campus Valen\u00e7a, est\u00e3o em oferta 470 vagas nas modalidades: Integrada, para quem tem o Ensino Fundamental completo; e Subsequente e EAD &#8211; Subsequente, para quem j\u00e1 concluiu o Ensino M\u00e9dio.<\/p>\n\n\n\n<ul><li>Agroecologia (Integrado) &#8211; 90 vagas<\/li><li>Agropecu\u00e1ria (Integrado) &#8211; 90 vagas<\/li><li>Agropecu\u00e1ria (Subsequente) &#8211; 70 vagas<\/li><li>Meio Ambiente (Subsequente) &#8211; 60 vagas<\/li><li>Secretaria Escolar (EAD &#8211; Subsequente) &#8211; 80 vagas (nos Polos Valen\u00e7a e Nazar\u00e9)\u00a0<\/li><li>Vendas (EAD &#8211; Subsequente) &#8211; 80 vagas (nos Polos Valen\u00e7a e Nazar\u00e9)\u00a0<\/li><\/ul>\n\n\n\n<p><strong>Sele\u00e7\u00e3o<\/strong><\/p>\n\n\n\n<p>O processo de ingresso do IF Baiano adota a an\u00e1lise de hist\u00f3rico escolar para selecionar os candidatos dos cursos Integrados e Subsequentes.\u00a0 J\u00e1 para os cursos EAD, a classifica\u00e7\u00e3o dos candidatos ser\u00e1 obtida conforme a ordem de realiza\u00e7\u00e3o da inscri\u00e7\u00e3o.<\/p>\n\n\n\n<p>Consulte os editais e acompanhe atualiza\u00e7\u00f5es da sele\u00e7\u00e3o para cursos t\u00e9cnicos do IF Baiano\u00a0<strong><a rel=\"noreferrer noopener\" href=\"https:\/\/concurso.ifbaiano.edu.br\/portal\/ingresso-de-estudantes-2021\/\" target=\"_blank\">nesta p\u00e1gina<\/a><\/strong>.<br>D\u00favidas dever\u00e3o ser encaminhadas para o e-mail <strong>concursopublico@fundacaocefetminas.org.br<\/strong>.<\/p>\n\n\n\n<p>Compartilha com os(as) amigos(as) e familiares que querem <strong>aprender para seguir em frente<\/strong>.<\/p>\n\n\n\n<p><strong>Vem ser IF Baiano!<\/strong> \ud83d\ude0d\ud83e\udd17<\/p>\n\n\n\n<p>Link para inscri\u00e7\u00e3o: \ud83d\udc49<strong> <\/strong><a rel=\"noreferrer noopener\" href=\"https:\/\/concurso.ifbaiano.edu.br\/portal\/ingresso-de-estudantes-2021\/\" target=\"_blank\">ingresso.ifbaiano.edu.br<\/a><br>Tem alguma d\u00favida? <br>Acompanhe o passo a passo da inscri\u00e7\u00e3o, atrav\u00e9s do link: \ud83d\udc49<strong> <a href=\"https:\/\/www.ifbaiano.edu.br\/unidades\/valenca\/files\/2021\/06\/Tutorial-inscricoes-Prosel-2021.pdf\"><\/a><\/strong><a rel=\"noreferrer noopener\" href=\"https:\/\/www.ifbaiano.edu.br\/unidades\/valenca\/files\/2021\/06\/Tutorial-inscricoes-Prosel-2021.pdf\" target=\"_blank\">Tutorial-inscricoes-Prosel-2021<\/a><\/p>\n","protected":false},"excerpt":{"rendered":"<p>Campus Valen\u00e7a oferta 470 vagas para os cursos Agroecologia, Agropecu\u00e1ria, Meio Ambiente, Secretaria Escolar e Vendas Encerra na pr\u00f3xima sexta-feira, 9, o prazo de inscri\u00e7\u00e3o para o processo que selecionar\u00e1 estudantes para ingresso nas 7.320 vagas de cursos t\u00e9cnicos (modalidades presencial e Educa\u00e7\u00e3o a Dist\u00e2ncia &#8211; EAD) do Instituto Federal Baiano (IF Baiano). As inscri\u00e7\u00f5es [&hellip;]<\/p>\n","protected":false},"author":146,"featured_media":6217,"comment_status":"open","ping_status":"open","sticky":false,"template":"","format":"standard","meta":[],"categories":[13,5,9,63],"tags":[118,119,64,80,117],"_links":{"self":[{"href":"https:\/\/www.ifbaiano.edu.br\/unidades\/valenca\/wp-json\/wp\/v2\/posts\/6203"}],"collection":[{"href":"https:\/\/www.ifbaiano.edu.br\/unidades\/valenca\/wp-json\/wp\/v2\/posts"}],"about":[{"href":"https:\/\/www.ifbaiano.edu.br\/unidades\/valenca\/wp-json\/wp\/v2\/types\/post"}],"author":[{"embeddable":true,"href":"https:\/\/www.ifbaiano.edu.br\/unidades\/valenca\/wp-json\/wp\/v2\/users\/146"}],"replies":[{"embeddable":true,"href":"https:\/\/www.ifbaiano.edu.br\/unidades\/valenca\/wp-json\/wp\/v2\/comments?post=6203"}],"version-history":[{"count":12,"href":"https:\/\/www.ifbaiano.edu.br\/unidades\/valenca\/wp-json\/wp\/v2\/posts\/6203\/revisions"}],"predecessor-version":[{"id":6220,"href":"https:\/\/www.ifbaiano.edu.br\/unidades\/valenca\/wp-json\/wp\/v2\/posts\/6203\/revisions\/6220"}],"wp:featuredmedia":[{"embeddable":true,"href":"https:\/\/www.ifbaiano.edu.br\/unidades\/valenca\/wp-json\/wp\/v2\/media\/6217"}],"wp:attachment":[{"href":"https:\/\/www.ifbaiano.edu.br\/unidades\/valenca\/wp-json\/wp\/v2\/media?parent=6203"}],"wp:term":[{"taxonomy":"category","embeddable":true,"href":"https:\/\/www.ifbaiano.edu.br\/unidades\/valenca\/wp-json\/wp\/v2\/categories?post=6203"},{"taxonomy":"post_tag","embeddable":true,"href":"https:\/\/www.ifbaiano.edu.br\/unidades\/valenca\/wp-json\/wp\/v2\/tags?post=6203"}],"curies":[{"name":"wp","href":"https:\/\/api.w.org\/{rel}","templated":true}]}}