{"id":6222,"date":"2021-07-06T21:22:39","date_gmt":"2021-07-07T00:22:39","guid":{"rendered":"https:\/\/www.ifbaiano.edu.br\/unidades\/valenca\/?p=6222"},"modified":"2021-07-06T21:30:29","modified_gmt":"2021-07-07T00:30:29","slug":"periodo-de-matricula-do-curso-de-licenciatura-em-ciencias-biologicas","status":"publish","type":"post","link":"https:\/\/www.ifbaiano.edu.br\/unidades\/valenca\/2021\/07\/06\/periodo-de-matricula-do-curso-de-licenciatura-em-ciencias-biologicas\/","title":{"rendered":"Per\u00edodo de matr\u00edcula do curso de licenciatura em Ci\u00eancias Biol\u00f3gicas"},"content":{"rendered":"\n<p>Se liga! Estudantes do curso de Ci\u00eancias Biol\u00f3gicas do IFBaiano Campus Valen\u00e7a fiquem atentos ao per\u00edodo de rematr\u00edcula. Todos devem se matricular, inclusive quem trancou no semestre passado. Quem deseja continuar trancado, deve renovar o trancamento todo semestre! Matr\u00edcula dos selecionados no <a href=\"https:\/\/concurso.ifbaiano.edu.br\/portal\/vagas-graduacao-valenca-junho-2021\/\" data-type=\"URL\" data-id=\"https:\/\/concurso.ifbaiano.edu.br\/portal\/vagas-graduacao-valenca-junho-2021\/\" target=\"_blank\" rel=\"noreferrer noopener\"><strong>edital<\/strong><\/a> de vagas ociosas, segue regras descritas no pr\u00f3prio edital, matr\u00edcula via e-mail. Os demais estudantes rematr\u00edcula via <a rel=\"noreferrer noopener\" href=\"https:\/\/suap.ifbaiano.edu.br\/\" data-type=\"URL\" data-id=\"https:\/\/suap.ifbaiano.edu.br\/\" target=\"_blank\"><strong>suap<\/strong><\/a>.<\/p>\n\n\n\n<div class=\"wp-block-group\"><div class=\"wp-block-group__inner-container is-layout-flow\">\n<figure class=\"wp-block-image size-large is-resized is-style-default\"><img decoding=\"async\" loading=\"lazy\" src=\"https:\/\/www.ifbaiano.edu.br\/unidades\/valenca\/files\/2021\/07\/WhatsApp-Image-2021-07-06-at-15.50.55.jpeg\" alt=\"\" class=\"wp-image-6223\" width=\"835\" height=\"835\" \/><\/figure>\n<\/div><\/div>\n\n\n\n<p><strong>Acompanhe as atualiza\u00e7\u00f5es sobre a sele\u00e7\u00e3o de vagas ociosas na\u00a0<\/strong><a rel=\"noreferrer noopener\" href=\"https:\/\/concurso.ifbaiano.edu.br\/portal\/vagas-graduacao-valenca-junho-2021\/\" target=\"_blank\"><strong>p\u00e1gina do certame<\/strong><\/a><strong>.<\/strong><\/p>\n","protected":false},"excerpt":{"rendered":"<p>Se liga! Estudantes do curso de Ci\u00eancias Biol\u00f3gicas do IFBaiano Campus Valen\u00e7a fiquem atentos ao per\u00edodo de rematr\u00edcula. Todos devem se matricular, inclusive quem trancou no semestre passado. Quem deseja continuar trancado, deve renovar o trancamento todo semestre! Matr\u00edcula dos selecionados no edital de vagas ociosas, segue regras descritas no pr\u00f3prio edital, matr\u00edcula via e-mail. [&hellip;]<\/p>\n","protected":false},"author":146,"featured_media":6223,"comment_status":"open","ping_status":"open","sticky":false,"template":"","format":"standard","meta":[],"categories":[60,12,32,63],"tags":[121,120,122],"_links":{"self":[{"href":"https:\/\/www.ifbaiano.edu.br\/unidades\/valenca\/wp-json\/wp\/v2\/posts\/6222"}],"collection":[{"href":"https:\/\/www.ifbaiano.edu.br\/unidades\/valenca\/wp-json\/wp\/v2\/posts"}],"about":[{"href":"https:\/\/www.ifbaiano.edu.br\/unidades\/valenca\/wp-json\/wp\/v2\/types\/post"}],"author":[{"embeddable":true,"href":"https:\/\/www.ifbaiano.edu.br\/unidades\/valenca\/wp-json\/wp\/v2\/users\/146"}],"replies":[{"embeddable":true,"href":"https:\/\/www.ifbaiano.edu.br\/unidades\/valenca\/wp-json\/wp\/v2\/comments?post=6222"}],"version-history":[{"count":5,"href":"https:\/\/www.ifbaiano.edu.br\/unidades\/valenca\/wp-json\/wp\/v2\/posts\/6222\/revisions"}],"predecessor-version":[{"id":6229,"href":"https:\/\/www.ifbaiano.edu.br\/unidades\/valenca\/wp-json\/wp\/v2\/posts\/6222\/revisions\/6229"}],"wp:featuredmedia":[{"embeddable":true,"href":"https:\/\/www.ifbaiano.edu.br\/unidades\/valenca\/wp-json\/wp\/v2\/media\/6223"}],"wp:attachment":[{"href":"https:\/\/www.ifbaiano.edu.br\/unidades\/valenca\/wp-json\/wp\/v2\/media?parent=6222"}],"wp:term":[{"taxonomy":"category","embeddable":true,"href":"https:\/\/www.ifbaiano.edu.br\/unidades\/valenca\/wp-json\/wp\/v2\/categories?post=6222"},{"taxonomy":"post_tag","embeddable":true,"href":"https:\/\/www.ifbaiano.edu.br\/unidades\/valenca\/wp-json\/wp\/v2\/tags?post=6222"}],"curies":[{"name":"wp","href":"https:\/\/api.w.org\/{rel}","templated":true}]}}