{"id":6230,"date":"2021-07-15T09:52:47","date_gmt":"2021-07-15T12:52:47","guid":{"rendered":"https:\/\/www.ifbaiano.edu.br\/unidades\/valenca\/?p=6230"},"modified":"2021-07-15T10:05:17","modified_gmt":"2021-07-15T13:05:17","slug":"if-baiano-divulga-lista-preliminar-de-inscricoes-homologadas-do-processo-de-ingresso-2021","status":"publish","type":"post","link":"https:\/\/www.ifbaiano.edu.br\/unidades\/valenca\/2021\/07\/15\/if-baiano-divulga-lista-preliminar-de-inscricoes-homologadas-do-processo-de-ingresso-2021\/","title":{"rendered":"IF Baiano divulga lista preliminar de inscri\u00e7\u00f5es homologadas do processo de ingresso 2021"},"content":{"rendered":"\n<p>Candidatos que se inscreveram no atual processo de ingresso para cursos t\u00e9cnicos do IF Baiano, devem verificar o status da sua inscri\u00e7\u00e3o. Foram divulgadas hoje, 14, as listas de inscri\u00e7\u00f5es homologadas no site&nbsp;<a rel=\"noreferrer noopener\" href=\"https:\/\/concurso.ifbaiano.edu.br\/portal\/ingresso-de-estudantes-2021\/\" target=\"_blank\">ingresso.ifbaiano.edu.br<\/a>. A rela\u00e7\u00e3o de inscri\u00e7\u00f5es homologadas informa se os candidatos cumpriram as exig\u00eancias do edital, fornecendo os dados e documentos comprobat\u00f3rios de forma correta. Assim, os candidatos com inscri\u00e7\u00f5es homologadas est\u00e3o confirmados no processo seletivo e seguem para as pr\u00f3ximas etapas.<\/p>\n\n\n\n<p>No caso das inscri\u00e7\u00f5es n\u00e3o homologadas, \u00e9 poss\u00edvel realizar interposi\u00e7\u00e3o de recursos, nos dias 15 e 16 de julho. Para isso, os candidatos devem verificar na <a href=\"https:\/\/concurso.ifbaiano.edu.br\/portal\/ingresso-de-estudantes-2021\/\" data-type=\"URL\" data-id=\"https:\/\/concurso.ifbaiano.edu.br\/portal\/ingresso-de-estudantes-2021\/\" target=\"_blank\" rel=\"noreferrer noopener\">lista<\/a> o motivo pelo qual a inscri\u00e7\u00e3o n\u00e3o p\u00f4de ser confirmada e enviar os documentos e dados incorretos ou faltantes. O procedimento deve ser feito na \u00e1rea de inscri\u00e7\u00f5es do candidato, na aba Recursos.<\/p>\n\n\n\n<p>Em caso de d\u00favidas, envie e-mail para <strong>concursopublico@fundacaocefetminas.org.br<\/strong><\/p>\n\n\n\n<p><strong>Pr\u00f3ximos passos<\/strong><\/p>\n\n\n\n<p>Ap\u00f3s analisar os recursos submetidos pelos candidatos, o IF Baiano ir\u00e1 publicar uma lista definitiva de inscri\u00e7\u00f5es homologadas no dia 21 de julho de 2021. Em seguida, ser\u00e1 divulgado o resultado preliminar de classifica\u00e7\u00e3o em 26 de julho de 2021.<\/p>\n\n\n\n<p><strong>Sobre o processo seletivo 2021<\/strong><\/p>\n\n\n\n<p>Neste ano, o IF Baiano est\u00e1 selecionando estudantes para 7.320 vagas ofertadas em cursos das modalidades Integrada, Subsequente e Subsequente EAD (Educa\u00e7\u00e3o a Dist\u00e2ncia). As vagas est\u00e3o distribu\u00eddas em 20 op\u00e7\u00f5es de cursos, nos 14&nbsp;<em>campi<\/em>&nbsp;e em 20 polos EAD da institui\u00e7\u00e3o, localizados em todo o territ\u00f3rio baiano. No Campus Valen\u00e7a, est\u00e3o em oferta 470 vagas nas modalidades: Integrada (para quem tem o Ensino Fundamental completo), Subsequente e Subsequente EAD (para quem j\u00e1 concluiu o Ensino M\u00e9dio).<\/p>\n\n\n\n<p>O IF Baiano adota a an\u00e1lise de hist\u00f3rico escolar para classificar os candidatos aos cursos das formas Integrada e Subsequente. Para isso, leva em conta as m\u00e9dias das disciplinas de L\u00edngua Portuguesa e Matem\u00e1tica, do 6\u00ba, 7\u00ba e 8\u00ba anos do ensino fundamental \u2013 para candidatos aos cursos Integrados -, e do 1\u00ba e 2\u00ba anos do ensino m\u00e9dio \u2013 para os candidatos aos cursos Subsequentes. J\u00e1 para os cursos EAD, a classifica\u00e7\u00e3o dos candidatos ser\u00e1 obtida conforme a ordem de realiza\u00e7\u00e3o da inscri\u00e7\u00e3o.<\/p>\n\n\n\n<p>Acompanhe todas as atualiza\u00e7\u00f5es do processo de ingresso em:<strong>&nbsp;<a href=\"https:\/\/concurso.ifbaiano.edu.br\/portal\/ingresso-de-estudantes-2021\/\">ingresso.ifbaiano.edu.br<\/a><\/strong><\/p>\n","protected":false},"excerpt":{"rendered":"<p>Candidatos que se inscreveram no atual processo de ingresso para cursos t\u00e9cnicos do IF Baiano, devem verificar o status da sua inscri\u00e7\u00e3o. Foram divulgadas hoje, 14, as listas de inscri\u00e7\u00f5es homologadas no site&nbsp;ingresso.ifbaiano.edu.br. A rela\u00e7\u00e3o de inscri\u00e7\u00f5es homologadas informa se os candidatos cumpriram as exig\u00eancias do edital, fornecendo os dados e documentos comprobat\u00f3rios de forma [&hellip;]<\/p>\n","protected":false},"author":146,"featured_media":6231,"comment_status":"open","ping_status":"open","sticky":false,"template":"","format":"standard","meta":[],"categories":[13,5,9,63],"tags":[123,119,103,117],"_links":{"self":[{"href":"https:\/\/www.ifbaiano.edu.br\/unidades\/valenca\/wp-json\/wp\/v2\/posts\/6230"}],"collection":[{"href":"https:\/\/www.ifbaiano.edu.br\/unidades\/valenca\/wp-json\/wp\/v2\/posts"}],"about":[{"href":"https:\/\/www.ifbaiano.edu.br\/unidades\/valenca\/wp-json\/wp\/v2\/types\/post"}],"author":[{"embeddable":true,"href":"https:\/\/www.ifbaiano.edu.br\/unidades\/valenca\/wp-json\/wp\/v2\/users\/146"}],"replies":[{"embeddable":true,"href":"https:\/\/www.ifbaiano.edu.br\/unidades\/valenca\/wp-json\/wp\/v2\/comments?post=6230"}],"version-history":[{"count":3,"href":"https:\/\/www.ifbaiano.edu.br\/unidades\/valenca\/wp-json\/wp\/v2\/posts\/6230\/revisions"}],"predecessor-version":[{"id":6236,"href":"https:\/\/www.ifbaiano.edu.br\/unidades\/valenca\/wp-json\/wp\/v2\/posts\/6230\/revisions\/6236"}],"wp:featuredmedia":[{"embeddable":true,"href":"https:\/\/www.ifbaiano.edu.br\/unidades\/valenca\/wp-json\/wp\/v2\/media\/6231"}],"wp:attachment":[{"href":"https:\/\/www.ifbaiano.edu.br\/unidades\/valenca\/wp-json\/wp\/v2\/media?parent=6230"}],"wp:term":[{"taxonomy":"category","embeddable":true,"href":"https:\/\/www.ifbaiano.edu.br\/unidades\/valenca\/wp-json\/wp\/v2\/categories?post=6230"},{"taxonomy":"post_tag","embeddable":true,"href":"https:\/\/www.ifbaiano.edu.br\/unidades\/valenca\/wp-json\/wp\/v2\/tags?post=6230"}],"curies":[{"name":"wp","href":"https:\/\/api.w.org\/{rel}","templated":true}]}}