{"id":6241,"date":"2021-07-19T09:06:43","date_gmt":"2021-07-19T12:06:43","guid":{"rendered":"https:\/\/www.ifbaiano.edu.br\/unidades\/valenca\/?p=6241"},"modified":"2021-07-19T09:06:53","modified_gmt":"2021-07-19T12:06:53","slug":"if-baiano-atualiza-listas-de-inscricoes-homologadas-do-processo-de-ingresso-2021","status":"publish","type":"post","link":"https:\/\/www.ifbaiano.edu.br\/unidades\/valenca\/2021\/07\/19\/if-baiano-atualiza-listas-de-inscricoes-homologadas-do-processo-de-ingresso-2021\/","title":{"rendered":"IF Baiano atualiza listas de inscri\u00e7\u00f5es homologadas do Processo de Ingresso 2021"},"content":{"rendered":"\n<p>J\u00e1 est\u00e3o dispon\u00edveis novas listas de inscri\u00e7\u00f5es homologadas do Processo Seletivo para Ingresso de Estudantes 2021. Os documentos est\u00e3o dispon\u00edveis na p\u00e1gina\u00a0<a rel=\"noreferrer noopener\" href=\"http:\/\/ingresso.ifbaiano.edu.br\/\" target=\"_blank\">ingresso.ifbaiano.edu.br<\/a>. Conforme\u00a0<a rel=\"noreferrer noopener\" href=\"https:\/\/concurso.ifbaiano.edu.br\/portal\/ingresso-de-estudantes-2021\/wp-content\/uploads\/sites\/402\/2021\/07\/Nota-Informativa-Suspensao-das-Listas-Preliminares-de-Inscricoes-Homologadas.pdf\" target=\"_blank\">Nota Informativa<\/a>\u00a0da Comiss\u00e3o Central de Processo Seletivo, divulgada no dia 15, as listas publicadas anteriormente foram suspensas devido a necessidade de revis\u00e3o, ajuste de informa\u00e7\u00f5es e esclarecimento sobre as documenta\u00e7\u00f5es pendentes para as inscri\u00e7\u00f5es indeferidas. Tamb\u00e9m foram definidos novos prazos no cronograma do processo seletivo. <\/p>\n\n\n\n<p>A rela\u00e7\u00e3o de inscri\u00e7\u00f5es homologadas informa se os candidatos cumpriram as exig\u00eancias do edital, fornecendo os dados e documentos comprobat\u00f3rios de forma correta. Assim, os candidatos com inscri\u00e7\u00f5es homologadas est\u00e3o confirmados no processo seletivo e seguem para as pr\u00f3ximas etapas.<\/p>\n\n\n\n<p>Para os candidatos com inscri\u00e7\u00f5es n\u00e3o homologadas, ser\u00e1 poss\u00edvel realizar interposi\u00e7\u00e3o de recursos, nos dias<strong>\u00a019 e 20 de julho<\/strong>. Para isso, os candidatos devem verificar na lista o motivo pelo qual a inscri\u00e7\u00e3o n\u00e3o p\u00f4de ser confirmada e enviar os documentos e dados incorretos ou faltantes. O procedimento deve ser feito no ambiente das inscri\u00e7\u00f5es, na aba Recursos, no endere\u00e7o eletr\u00f4nico: https:\/\/concurso.fundacaocefetminas.org.br.<\/p>\n\n\n\n<p>Em caso de d\u00favidas, envie e-mail para concursopublico@fundacaocefetminas.org.br<\/p>\n\n\n\n<p><strong>Pr\u00f3ximos passos<\/strong><\/p>\n\n\n\n<p>Ap\u00f3s analisar os recursos submetidos pelos candidatos, o IF Baiano ir\u00e1 publicar a lista definitiva de inscri\u00e7\u00f5es homologadas\u00a0no dia 23 de julho de 2021.\u00a0Em seguida, ser\u00e1 divulgado o resultado preliminar de classifica\u00e7\u00e3o em\u00a028 de julho de 2021.<\/p>\n\n\n\n<p>Acompanhe todas as atualiza\u00e7\u00f5es do processo de ingresso em:\u00a0<a href=\"https:\/\/concurso.ifbaiano.edu.br\/portal\/ingresso-de-estudantes-2021\/\">ingresso.ifbaiano.edu.br<\/a><\/p>\n\n\n\n<p><strong>Vem ser IF Baiano! <\/strong><\/p>\n\n\n\n<p><br><\/p>\n","protected":false},"excerpt":{"rendered":"<p>J\u00e1 est\u00e3o dispon\u00edveis novas listas de inscri\u00e7\u00f5es homologadas do Processo Seletivo para Ingresso de Estudantes 2021. Os documentos est\u00e3o dispon\u00edveis na p\u00e1gina\u00a0ingresso.ifbaiano.edu.br. Conforme\u00a0Nota Informativa\u00a0da Comiss\u00e3o Central de Processo Seletivo, divulgada no dia 15, as listas publicadas anteriormente foram suspensas devido a necessidade de revis\u00e3o, ajuste de informa\u00e7\u00f5es e esclarecimento sobre as documenta\u00e7\u00f5es pendentes para as [&hellip;]<\/p>\n","protected":false},"author":146,"featured_media":6244,"comment_status":"open","ping_status":"open","sticky":false,"template":"","format":"standard","meta":[],"categories":[13,35,36,9,63],"tags":[80,117],"_links":{"self":[{"href":"https:\/\/www.ifbaiano.edu.br\/unidades\/valenca\/wp-json\/wp\/v2\/posts\/6241"}],"collection":[{"href":"https:\/\/www.ifbaiano.edu.br\/unidades\/valenca\/wp-json\/wp\/v2\/posts"}],"about":[{"href":"https:\/\/www.ifbaiano.edu.br\/unidades\/valenca\/wp-json\/wp\/v2\/types\/post"}],"author":[{"embeddable":true,"href":"https:\/\/www.ifbaiano.edu.br\/unidades\/valenca\/wp-json\/wp\/v2\/users\/146"}],"replies":[{"embeddable":true,"href":"https:\/\/www.ifbaiano.edu.br\/unidades\/valenca\/wp-json\/wp\/v2\/comments?post=6241"}],"version-history":[{"count":4,"href":"https:\/\/www.ifbaiano.edu.br\/unidades\/valenca\/wp-json\/wp\/v2\/posts\/6241\/revisions"}],"predecessor-version":[{"id":6246,"href":"https:\/\/www.ifbaiano.edu.br\/unidades\/valenca\/wp-json\/wp\/v2\/posts\/6241\/revisions\/6246"}],"wp:featuredmedia":[{"embeddable":true,"href":"https:\/\/www.ifbaiano.edu.br\/unidades\/valenca\/wp-json\/wp\/v2\/media\/6244"}],"wp:attachment":[{"href":"https:\/\/www.ifbaiano.edu.br\/unidades\/valenca\/wp-json\/wp\/v2\/media?parent=6241"}],"wp:term":[{"taxonomy":"category","embeddable":true,"href":"https:\/\/www.ifbaiano.edu.br\/unidades\/valenca\/wp-json\/wp\/v2\/categories?post=6241"},{"taxonomy":"post_tag","embeddable":true,"href":"https:\/\/www.ifbaiano.edu.br\/unidades\/valenca\/wp-json\/wp\/v2\/tags?post=6241"}],"curies":[{"name":"wp","href":"https:\/\/api.w.org\/{rel}","templated":true}]}}