{"id":6247,"date":"2021-07-20T15:29:52","date_gmt":"2021-07-20T18:29:52","guid":{"rendered":"https:\/\/www.ifbaiano.edu.br\/unidades\/valenca\/?p=6247"},"modified":"2021-07-20T15:30:03","modified_gmt":"2021-07-20T18:30:03","slug":"semana-de-acolhimento-do-curso-de-licenciatura-em-ciencias-biologicas-turma-2021-1","status":"publish","type":"post","link":"https:\/\/www.ifbaiano.edu.br\/unidades\/valenca\/2021\/07\/20\/semana-de-acolhimento-do-curso-de-licenciatura-em-ciencias-biologicas-turma-2021-1\/","title":{"rendered":"Semana de Acolhimento do Curso de Licenciatura em Ci\u00eancias Biol\u00f3gicas &#8211; turma 2021.1"},"content":{"rendered":"\n<p>Aten\u00e7\u00e3o turma nova!!! Na pr\u00f3xima segunda (26\/07), \u00e0s 19h, come\u00e7a a nossa Semana de Acolhimento. Teremos durante toda a semana uma programa\u00e7\u00e3o voltada para apresenta\u00e7\u00e3o do curso e capacita\u00e7\u00e3o de voc\u00eas para utiliza\u00e7\u00e3o dos nossos sistemas! N\u00e3o percam! <\/p>\n\n\n\n<figure class=\"wp-block-image size-large is-resized is-style-default\"><a href=\"https:\/\/conferenciaweb.rnp.br\/webconf\/patricia-oliveira-dos-santos\" target=\"_blank\" rel=\"noopener\"><img decoding=\"async\" loading=\"lazy\" src=\"https:\/\/www.ifbaiano.edu.br\/unidades\/valenca\/files\/2021\/07\/WhatsApp-Image-2021-07-20-at-10.21.02.jpeg\" alt=\"\" class=\"wp-image-6250\" width=\"498\" height=\"498\" \/><\/a><\/figure>\n\n\n\n<p><strong>Programa\u00e7\u00e3o completa no card a seguir<\/strong> \ud83d\udc47<\/p>\n\n\n\n<figure class=\"wp-block-image size-large is-resized is-style-default\"><a href=\"https:\/\/conferenciaweb.rnp.br\/webconf\/patricia-oliveira-dos-santos\" target=\"_blank\" rel=\"noopener\"><img decoding=\"async\" loading=\"lazy\" src=\"https:\/\/www.ifbaiano.edu.br\/unidades\/valenca\/files\/2021\/07\/WhatsApp-Image-2021-07-20-at-10.21.03.jpeg\" alt=\"\" class=\"wp-image-6248\" width=\"499\" height=\"499\" \/><\/a><\/figure>\n\n\n\n<p><strong>Link para acesso:<\/strong> <a href=\"https:\/\/conferenciaweb.rnp.br\/webconf\/patricia-oliveira-dos-santos\" target=\"_blank\" rel=\"noreferrer noopener\"><strong>https:\/\/conferenciaweb.rnp.br\/webconf\/patricia-oliveira-dos-santos<\/strong><\/a><\/p>\n","protected":false},"excerpt":{"rendered":"<p>Aten\u00e7\u00e3o turma nova!!! Na pr\u00f3xima segunda (26\/07), \u00e0s 19h, come\u00e7a a nossa Semana de Acolhimento. Teremos durante toda a semana uma programa\u00e7\u00e3o voltada para apresenta\u00e7\u00e3o do curso e capacita\u00e7\u00e3o de voc\u00eas para utiliza\u00e7\u00e3o dos nossos sistemas! N\u00e3o percam! Programa\u00e7\u00e3o completa no card a seguir \ud83d\udc47 Link para acesso: https:\/\/conferenciaweb.rnp.br\/webconf\/patricia-oliveira-dos-santos<\/p>\n","protected":false},"author":146,"featured_media":6250,"comment_status":"open","ping_status":"open","sticky":false,"template":"","format":"standard","meta":[],"categories":[60,36,32,63],"tags":[125,124],"_links":{"self":[{"href":"https:\/\/www.ifbaiano.edu.br\/unidades\/valenca\/wp-json\/wp\/v2\/posts\/6247"}],"collection":[{"href":"https:\/\/www.ifbaiano.edu.br\/unidades\/valenca\/wp-json\/wp\/v2\/posts"}],"about":[{"href":"https:\/\/www.ifbaiano.edu.br\/unidades\/valenca\/wp-json\/wp\/v2\/types\/post"}],"author":[{"embeddable":true,"href":"https:\/\/www.ifbaiano.edu.br\/unidades\/valenca\/wp-json\/wp\/v2\/users\/146"}],"replies":[{"embeddable":true,"href":"https:\/\/www.ifbaiano.edu.br\/unidades\/valenca\/wp-json\/wp\/v2\/comments?post=6247"}],"version-history":[{"count":8,"href":"https:\/\/www.ifbaiano.edu.br\/unidades\/valenca\/wp-json\/wp\/v2\/posts\/6247\/revisions"}],"predecessor-version":[{"id":6257,"href":"https:\/\/www.ifbaiano.edu.br\/unidades\/valenca\/wp-json\/wp\/v2\/posts\/6247\/revisions\/6257"}],"wp:featuredmedia":[{"embeddable":true,"href":"https:\/\/www.ifbaiano.edu.br\/unidades\/valenca\/wp-json\/wp\/v2\/media\/6250"}],"wp:attachment":[{"href":"https:\/\/www.ifbaiano.edu.br\/unidades\/valenca\/wp-json\/wp\/v2\/media?parent=6247"}],"wp:term":[{"taxonomy":"category","embeddable":true,"href":"https:\/\/www.ifbaiano.edu.br\/unidades\/valenca\/wp-json\/wp\/v2\/categories?post=6247"},{"taxonomy":"post_tag","embeddable":true,"href":"https:\/\/www.ifbaiano.edu.br\/unidades\/valenca\/wp-json\/wp\/v2\/tags?post=6247"}],"curies":[{"name":"wp","href":"https:\/\/api.w.org\/{rel}","templated":true}]}}