{"id":6384,"date":"2021-08-10T09:47:14","date_gmt":"2021-08-10T12:47:14","guid":{"rendered":"https:\/\/www.ifbaiano.edu.br\/unidades\/valenca\/?p=6384"},"modified":"2021-08-10T10:14:38","modified_gmt":"2021-08-10T13:14:38","slug":"prosel-2021-1a-chamada-para-matricula-foi-lancada","status":"publish","type":"post","link":"https:\/\/www.ifbaiano.edu.br\/unidades\/valenca\/2021\/08\/10\/prosel-2021-1a-chamada-para-matricula-foi-lancada\/","title":{"rendered":"Prosel 2021 &#8211; 1\u00aa chamada para matr\u00edcula foi lan\u00e7ada"},"content":{"rendered":"\n<p>Aprovado(a) nas modalidades integrado ou subsequente? Fa\u00e7a sua matr\u00edcula at\u00e9 <strong>12h<\/strong> da quinta-feira, 12. Se foi na modalidade EaD, a matr\u00edcula deve ser feita entre 23 e 27 de agosto.<\/p>\n\n\n\n<figure class=\"wp-block-image size-large is-resized is-style-default\"><a href=\"https:\/\/www.ifbaiano.edu.br\/unidades\/valenca\/files\/2021\/08\/card-1-chamada-matricula-ingress.png\"><img decoding=\"async\" loading=\"lazy\" src=\"https:\/\/www.ifbaiano.edu.br\/unidades\/valenca\/files\/2021\/08\/card-1-chamada-matricula-ingress.png\" alt=\"\" class=\"wp-image-6392\" width=\"843\" height=\"562\" \/><\/a><\/figure>\n\n\n\n<p>Al\u00e9m do formul\u00e1rio, que deve ser preenchido, impresso, assinado (todas as p\u00e1ginas) e digitalizado, tamb\u00e9m deve ser enviada a documenta\u00e7\u00e3o:<\/p>\n\n\n\n<p>1) Documento de identifica\u00e7\u00e3o, conforme edital de matr\u00edcula;<br>2) CPF;<br>3) Certid\u00e3o de nascimento ou casamento;<br>4) Certificado de conclus\u00e3o do Ensino Fundamental (para integrado) ou Ensino M\u00e9dio (para subsequente) e hist\u00f3rico escolar;<br>5) Grupo sangu\u00edneo e fator RH;<br>6) Cart\u00e3o de vacina\u00e7\u00e3o constando vacina contra t\u00e9tano nos \u00faltimos 10 anos;<br>7) Cart\u00e3o do SUS;<br>8) Comprovante de resid\u00eancia ou declara\u00e7\u00e3o de domic\u00edlio;<br>9) Certificado de Quita\u00e7\u00e3o do Servi\u00e7o Militar (para candidatos do sexo masculino a partir dos 18 anos);<br>10) Quita\u00e7\u00e3o da Justi\u00e7a Eleitoral (para candidatos maiores de 18 anos);<br>11) RG e CPF do respons\u00e1vel (se aprovado for menor de 18 anos);<br>12) 1 foto 3&#215;4 (recente).<\/p>\n\n\n\n<p><strong>Veja detalhes no edital de matr\u00edcula, em <a href=\"https:\/\/concurso.ifbaiano.edu.br\/portal\/ingresso-de-estudantes-2021\/\" data-type=\"URL\" data-id=\"https:\/\/concurso.ifbaiano.edu.br\/portal\/ingresso-de-estudantes-2021\/\" target=\"_blank\" rel=\"noreferrer noopener\">ingresso.ifbaiano.edu.br<\/a>.<\/strong><\/p>\n","protected":false},"excerpt":{"rendered":"<p>Aprovado(a) nas modalidades integrado ou subsequente? Fa\u00e7a sua matr\u00edcula at\u00e9 12h da quinta-feira, 12. Se foi na modalidade EaD, a matr\u00edcula deve ser feita entre 23 e 27 de agosto. Al\u00e9m do formul\u00e1rio, que deve ser preenchido, impresso, assinado (todas as p\u00e1ginas) e digitalizado, tamb\u00e9m deve ser enviada a documenta\u00e7\u00e3o: 1) Documento de identifica\u00e7\u00e3o, conforme [&hellip;]<\/p>\n","protected":false},"author":146,"featured_media":6390,"comment_status":"open","ping_status":"open","sticky":false,"template":"","format":"standard","meta":[],"categories":[13,5,35,40,36,9,63],"tags":[123,119,64,103,117],"_links":{"self":[{"href":"https:\/\/www.ifbaiano.edu.br\/unidades\/valenca\/wp-json\/wp\/v2\/posts\/6384"}],"collection":[{"href":"https:\/\/www.ifbaiano.edu.br\/unidades\/valenca\/wp-json\/wp\/v2\/posts"}],"about":[{"href":"https:\/\/www.ifbaiano.edu.br\/unidades\/valenca\/wp-json\/wp\/v2\/types\/post"}],"author":[{"embeddable":true,"href":"https:\/\/www.ifbaiano.edu.br\/unidades\/valenca\/wp-json\/wp\/v2\/users\/146"}],"replies":[{"embeddable":true,"href":"https:\/\/www.ifbaiano.edu.br\/unidades\/valenca\/wp-json\/wp\/v2\/comments?post=6384"}],"version-history":[{"count":3,"href":"https:\/\/www.ifbaiano.edu.br\/unidades\/valenca\/wp-json\/wp\/v2\/posts\/6384\/revisions"}],"predecessor-version":[{"id":6393,"href":"https:\/\/www.ifbaiano.edu.br\/unidades\/valenca\/wp-json\/wp\/v2\/posts\/6384\/revisions\/6393"}],"wp:featuredmedia":[{"embeddable":true,"href":"https:\/\/www.ifbaiano.edu.br\/unidades\/valenca\/wp-json\/wp\/v2\/media\/6390"}],"wp:attachment":[{"href":"https:\/\/www.ifbaiano.edu.br\/unidades\/valenca\/wp-json\/wp\/v2\/media?parent=6384"}],"wp:term":[{"taxonomy":"category","embeddable":true,"href":"https:\/\/www.ifbaiano.edu.br\/unidades\/valenca\/wp-json\/wp\/v2\/categories?post=6384"},{"taxonomy":"post_tag","embeddable":true,"href":"https:\/\/www.ifbaiano.edu.br\/unidades\/valenca\/wp-json\/wp\/v2\/tags?post=6384"}],"curies":[{"name":"wp","href":"https:\/\/api.w.org\/{rel}","templated":true}]}}