{"id":6396,"date":"2021-08-17T13:01:00","date_gmt":"2021-08-17T16:01:00","guid":{"rendered":"https:\/\/www.ifbaiano.edu.br\/unidades\/valenca\/?p=6396"},"modified":"2021-12-07T16:18:05","modified_gmt":"2021-12-07T19:18:05","slug":"if-baiano-campus-valenca-oferta-50-vagas-em-cursos-fic","status":"publish","type":"post","link":"https:\/\/www.ifbaiano.edu.br\/unidades\/valenca\/2021\/08\/17\/if-baiano-campus-valenca-oferta-50-vagas-em-cursos-fic\/","title":{"rendered":"IF Baiano \u2013 Campus Valen\u00e7a oferta 50 vagas em cursos FIC das \u00e1reas de programa\u00e7\u00e3o e Libras"},"content":{"rendered":"\n<p class=\"has-text-align-left\"><em>Interessados podem se inscrever de 18 de agosto a 3 de setembro.<\/em><\/p>\n\n\n\n<p>Est\u00e3o abertas, a partir de hoje, 18, as inscri\u00e7\u00f5es para dois cursos de qualifica\u00e7\u00e3o profissional, da modalidade FIC (Forma\u00e7\u00e3o Inicial e Continuada), que ser\u00e3o ofertados no&nbsp;<em>Campus&nbsp;<\/em>Valen\u00e7a. Est\u00e3o dispon\u00edveis 20 vagas para o curso&nbsp;<strong>Introdu\u00e7\u00e3o \u00e0 programa\u00e7\u00e3o e eletr\u00f4nica utilizando Arduino&nbsp;<\/strong>e 30 vagas para o curso&nbsp;<strong>Introdu\u00e7\u00e3o \u00e0 Libras: no\u00e7\u00f5es e conceitos b\u00e1sicos.&nbsp;<\/strong><\/p>\n\n\n\n<p>Interessados t\u00eam at\u00e9 o dia 3 de setembro para realizar inscri\u00e7\u00e3o, manifestando interesse na vaga, por meio do preenchimento deste&nbsp;<a href=\"https:\/\/docs.google.com\/forms\/d\/e\/1FAIpQLSfRGDUse7wYIUsyBxZBHjyzMQJcJpjzqVGHhPJjO_Z-BfLjYg\/viewform\"><strong>formul\u00e1rio<\/strong><\/a>. Tamb\u00e9m ser\u00e1 necess\u00e1rio anexar uma c\u00f3pia do documento de identidade, em formato JPG ou PDF.&nbsp;<\/p>\n\n\n\n<hr class=\"wp-block-separator is-style-wide\" \/>\n\n\n\n<p style=\"font-size:22px\"><strong><strong>Saiba mais sobre os cursos&nbsp;<\/strong><\/strong><\/p>\n\n\n\n<p><strong>Introdu\u00e7\u00e3o \u00e0 programa\u00e7\u00e3o e eletr\u00f4nica utilizando Arduino<\/strong><\/p>\n\n\n\n<p>Para se candidatar ao curso de Introdu\u00e7\u00e3o \u00e0 programa\u00e7\u00e3o \u00e9 necess\u00e1rio ter idade m\u00ednima de 15 anos, ensino fundamental completo e acesso a computador e internet. O curso tem como p\u00fablico-alvo interessados por tecnologia e que almejam conhecer um pouco mais sobre cultura&nbsp;<em>maker<\/em>, prototipagem, eletr\u00f4nica, programa\u00e7\u00e3o e automa\u00e7\u00e3o. Durante o curso, os estudantes ir\u00e3o conhecer a ess\u00eancia da prototipagem e conceitos b\u00e1sicos de eletr\u00f4nica e programa\u00e7\u00e3o, a partir da utiliza\u00e7\u00e3o do microcontrolador Arduino. Al\u00e9m disso, a forma\u00e7\u00e3o visa capacitar os participantes a desenvolver seus pr\u00f3prios sistemas eletr\u00f4nicos e atuar com a automa\u00e7\u00e3o de processos.<\/p>\n\n\n\n<p><strong>Introdu\u00e7\u00e3o \u00e0 Libras: no\u00e7\u00f5es e conceitos b\u00e1sicos<\/strong><\/p>\n\n\n\n<p>O curso de Introdu\u00e7\u00e3o \u00e0 Libras \u00e9 voltado para graduandos, graduados e\/ou professores que atuam na educa\u00e7\u00e3o b\u00e1sica, que tenham interesse em adquirir conhecimentos b\u00e1sicos em Libras e suas rela\u00e7\u00f5es interculturais com a comunidade surda. A forma\u00e7\u00e3o visa fomentar o ensino da L\u00edngua Brasileira de Sinais como segunda l\u00edngua para as pessoas ouvintes e incentivar pr\u00e1ticas de imers\u00e3o em Libras por meio de situa\u00e7\u00f5es comunicativas.&nbsp;<\/p>\n\n\n\n<hr class=\"wp-block-separator is-style-wide\" \/>\n\n\n\n<div class=\"wp-block-group alignwide is-layout-flow\"><div class=\"wp-block-group__inner-container\">\n<div class=\"wp-block-media-text alignwide has-media-on-the-right is-stacked-on-mobile is-vertically-aligned-center\" style=\"grid-template-columns:auto 54%\"><figure class=\"wp-block-media-text__media\"><img decoding=\"async\" loading=\"lazy\" width=\"808\" height=\"808\" src=\"https:\/\/www.ifbaiano.edu.br\/unidades\/valenca\/files\/2021\/08\/valencafic_.png\" alt=\"\" class=\"wp-image-6401 size-full\" \/><\/figure><div class=\"wp-block-media-text__content\">\n<pre class=\"wp-block-code\" style=\"font-size:22px\"><code><strong>Inscri\u00e7\u00f5es<\/strong>\n\n<div style=\"text-align: justify\">A inscri\u00e7\u00e3o \u00e9 gratuita e dever\u00e1 ser realizada, exclusivamente, entre os dias <strong>18 de agosto e 03 de setembro<\/strong> atrav\u00e9s do link abaixo:<\/div><\/code><\/pre>\n\n\n\n<div class=\"wp-block-buttons is-layout-flex\">\n<div class=\"wp-block-button is-style-outline\"><a class=\"wp-block-button__link has-white-color has-text-color has-background\" href=\"https:\/\/forms.gle\/ND6S4yFVufPLGPa16\" style=\"background:linear-gradient(135deg,rgb(215,236,159) 0%,rgb(152,229,163) 100%)\" target=\"_blank\" rel=\"noreferrer noopener\">Formul\u00e1rio de inscri\u00e7\u00e3o<\/a><\/div>\n<\/div>\n<\/div><\/div>\n<\/div><\/div>\n\n\n\n<hr class=\"wp-block-separator is-style-wide\" \/>\n\n\n\n<p style=\"font-size:22px\"><strong>Sele\u00e7\u00e3o&nbsp;<\/strong><\/p>\n\n\n\n<p>A sele\u00e7\u00e3o dos candidatos aos cursos ser\u00e1 realizada por ordem de inscri\u00e7\u00e3o conforme&nbsp;<a rel=\"noreferrer noopener\" href=\"https:\/\/ifbaiano.edu.br\/portal\/extensao\/normativas-2\/resolucao-23\/\" target=\"_blank\">Resolu\u00e7\u00e3o 23\/2019 CONSUP\/IFBAIANO<\/a>, contada a partir da submiss\u00e3o da inscri\u00e7\u00e3o pelo candidato. Caso haja candidatos empatados para a \u00faltima vaga, ser\u00e1 usado o crit\u00e9rio de maior idade.<\/p>\n\n\n\n<p>Leia o&nbsp;<a rel=\"noreferrer noopener\" href=\"https:\/\/concurso.ifbaiano.edu.br\/portal\/fic-valenca-agosto-2021\/wp-content\/uploads\/sites\/430\/2021\/08\/Edital-no-100-de-11-de-agosto-de-2021.pdf\" target=\"_blank\">edital<\/a>&nbsp;e acompanhe o andamento da sele\u00e7\u00e3o, bem como a publica\u00e7\u00e3o das pr\u00f3ximas etapas, na&nbsp;<a href=\"https:\/\/concurso.ifbaiano.edu.br\/portal\/fic-valenca-agosto-2021\/\">p\u00e1gina do Processo Seletivo para ingresso nos Cursos de Qualifica\u00e7\u00e3o Profissional \u2013 FIC \u2013 Campus Valen\u00e7a \u2013 Agosto 2021<\/a>.&nbsp;<\/p>\n\n\n\n<p>D\u00favidas sobre o processo dever\u00e3o ser encaminhadas para o e-mail: <em>fic.valenca@gmail.com<\/em>.<\/p>\n\n\n\n<hr class=\"wp-block-separator is-style-wide\" \/>\n\n\n\n<p style=\"font-size:22px\"><strong>Editais e Documentos<\/strong><\/p>\n\n\n\n<div class=\"wp-block-file\"><a href=\"https:\/\/www.ifbaiano.edu.br\/unidades\/valenca\/files\/2021\/09\/Lista-de-Aprovados-em-4a-Chamada-\u2013-Arduino-Vespertino.pdf\"><a href=\"https:\/\/www.ifbaiano.edu.br\/unidades\/valenca\/files\/2021\/09\/Lista-de-Aprovados-em-3a-Chamada-%E2%80%93-Arduino-Vespertino.pdf\"><strong>Lista de Aprovados em 4\u00aa Chamada \u2013 Arduino (Vespertino)<\/strong><\/a><\/a><\/div>\n\n\n\n<div class=\"wp-block-file\"><a href=\"https:\/\/www.ifbaiano.edu.br\/unidades\/valenca\/files\/2021\/09\/Lista-de-Aprovados-em-3a-Chamada-\u2013-Libras.pdf\"><strong>Lista de Aprovados em 3\u00aa Chamada &#8211; Libras<\/strong><\/a><\/div>\n\n\n\n<div class=\"wp-block-file\"><a href=\"https:\/\/www.ifbaiano.edu.br\/unidades\/valenca\/files\/2021\/09\/Lista-de-Aprovados-em-3a-Chamada-\u2013-Arduino-Vespertino.pdf\"><strong>Lista de Aprovados em 3\u00aa Chamada &#8211; Arduino (Vespertino)<\/strong><\/a><\/div>\n\n\n\n<div class=\"wp-block-file\"><a href=\"https:\/\/www.ifbaiano.edu.br\/unidades\/valenca\/files\/2021\/09\/LISTA-DE-APROVADOS-EM-2a-CHAMADA-LIBRAS.pdf\"><strong>Lista de Aprovados em 2\u00aa Chamada &#8211; Libras<\/strong><\/a><\/div>\n\n\n\n<div class=\"wp-block-file\"><a href=\"https:\/\/www.ifbaiano.edu.br\/unidades\/valenca\/files\/2021\/09\/LISTA-DE-APROVADOS-EM-2a-CHAMADA-ARDUINO-TURMA-VESPERTINA.pdf\"><strong>Lista de Aprovados em 2\u00aa Chamada &#8211; Arduino (Vespertino)<\/strong><\/a><\/div>\n\n\n\n<div class=\"wp-block-file\"><a href=\"https:\/\/www.ifbaiano.edu.br\/unidades\/valenca\/files\/2021\/09\/LISTA-DE-APROVADOS-EM-2a-CHAMADA-ARDUINO-TURMA-NOTURNA.pdf\"><strong>Lista de Aprovados em 2\u00aa Chamada &#8211; Arduino (Noturno<\/strong>)<\/a><\/div>\n\n\n\n<div class=\"wp-block-file\"><a href=\"https:\/\/www.ifbaiano.edu.br\/unidades\/valenca\/files\/2021\/09\/LISTA-DE-MATRICULADOS-EM-PRIMEIRA-CHAMADA-CURSOS-FIC.pdf\"><strong>Lista de Matriculados em 1\u00aa Chamada<\/strong><\/a><\/div>\n\n\n\n<div class=\"wp-block-file\"><a href=\"https:\/\/www.ifbaiano.edu.br\/unidades\/valenca\/files\/2021\/09\/Formulario-de-Matricula-cursos-FIC.pdf\"><strong>Formul\u00e1rio de Matr\u00edcula &#8211; cursos FIC<\/strong><\/a><\/div>\n\n\n\n<div class=\"wp-block-file\"><a href=\"https:\/\/www.ifbaiano.edu.br\/unidades\/valenca\/files\/2021\/09\/Lista-Aprovados-Libras.pdf\"><strong>Lista de Aprovados &#8211; Libras<\/strong><\/a><\/div>\n\n\n\n<div class=\"wp-block-file\"><a href=\"https:\/\/www.ifbaiano.edu.br\/unidades\/valenca\/files\/2021\/08\/Lista-Aprovados-Arduino-Vespertino.pdf\"><strong>Lista de Aprovados &#8211; Arduino (Vespertino)<\/strong><\/a><\/div>\n\n\n\n<div class=\"wp-block-file\"><a href=\"https:\/\/www.ifbaiano.edu.br\/unidades\/valenca\/files\/2021\/09\/Lista-Aprovados-Arduino-Noturno.pdf\"><strong>Lista de Aprovados &#8211; Arduino (Noturno)<\/strong><\/a><\/div>\n\n\n\n<div class=\"wp-block-file\"><a href=\"https:\/\/www.ifbaiano.edu.br\/unidades\/valenca\/files\/2021\/09\/Edital-de-Retificacao-no-110-de-19-de-agosto-de-2021.pdf\"><strong>Edital de Retifica\u00e7\u00e3o n\u00ba 110<\/strong><\/a><\/div>\n\n\n\n<div class=\"wp-block-file\"><a href=\"https:\/\/www.ifbaiano.edu.br\/unidades\/valenca\/files\/2021\/08\/Edital-no-100_Curso_FIC_2021.pdf\"><strong>Edital n\u00ba 100<\/strong><\/a><\/div>\n","protected":false},"excerpt":{"rendered":"<p>Interessados podem se inscrever de 18 de agosto a 3 de setembro. Est\u00e3o abertas, a partir de hoje, 18, as inscri\u00e7\u00f5es para dois cursos de qualifica\u00e7\u00e3o profissional, da modalidade FIC (Forma\u00e7\u00e3o Inicial e Continuada), que ser\u00e3o ofertados no&nbsp;Campus&nbsp;Valen\u00e7a. Est\u00e3o dispon\u00edveis 20 vagas para o curso&nbsp;Introdu\u00e7\u00e3o \u00e0 programa\u00e7\u00e3o e eletr\u00f4nica utilizando Arduino&nbsp;e 30 vagas para o [&hellip;]<\/p>\n","protected":false},"author":146,"featured_media":6420,"comment_status":"open","ping_status":"open","sticky":false,"template":"","format":"standard","meta":[],"categories":[60,13,5,44,35,36,9,32,63],"tags":[71,129,131],"_links":{"self":[{"href":"https:\/\/www.ifbaiano.edu.br\/unidades\/valenca\/wp-json\/wp\/v2\/posts\/6396"}],"collection":[{"href":"https:\/\/www.ifbaiano.edu.br\/unidades\/valenca\/wp-json\/wp\/v2\/posts"}],"about":[{"href":"https:\/\/www.ifbaiano.edu.br\/unidades\/valenca\/wp-json\/wp\/v2\/types\/post"}],"author":[{"embeddable":true,"href":"https:\/\/www.ifbaiano.edu.br\/unidades\/valenca\/wp-json\/wp\/v2\/users\/146"}],"replies":[{"embeddable":true,"href":"https:\/\/www.ifbaiano.edu.br\/unidades\/valenca\/wp-json\/wp\/v2\/comments?post=6396"}],"version-history":[{"count":43,"href":"https:\/\/www.ifbaiano.edu.br\/unidades\/valenca\/wp-json\/wp\/v2\/posts\/6396\/revisions"}],"predecessor-version":[{"id":7135,"href":"https:\/\/www.ifbaiano.edu.br\/unidades\/valenca\/wp-json\/wp\/v2\/posts\/6396\/revisions\/7135"}],"wp:featuredmedia":[{"embeddable":true,"href":"https:\/\/www.ifbaiano.edu.br\/unidades\/valenca\/wp-json\/wp\/v2\/media\/6420"}],"wp:attachment":[{"href":"https:\/\/www.ifbaiano.edu.br\/unidades\/valenca\/wp-json\/wp\/v2\/media?parent=6396"}],"wp:term":[{"taxonomy":"category","embeddable":true,"href":"https:\/\/www.ifbaiano.edu.br\/unidades\/valenca\/wp-json\/wp\/v2\/categories?post=6396"},{"taxonomy":"post_tag","embeddable":true,"href":"https:\/\/www.ifbaiano.edu.br\/unidades\/valenca\/wp-json\/wp\/v2\/tags?post=6396"}],"curies":[{"name":"wp","href":"https:\/\/api.w.org\/{rel}","templated":true}]}}