{"id":6431,"date":"2021-08-19T17:48:36","date_gmt":"2021-08-19T20:48:36","guid":{"rendered":"https:\/\/www.ifbaiano.edu.br\/unidades\/valenca\/?p=6431"},"modified":"2021-08-19T17:51:51","modified_gmt":"2021-08-19T20:51:51","slug":"2a-chamada-de-matricula-para-a-modalidade-integrada-e-subsequente-do-prosel-2021","status":"publish","type":"post","link":"https:\/\/www.ifbaiano.edu.br\/unidades\/valenca\/2021\/08\/19\/2a-chamada-de-matricula-para-a-modalidade-integrada-e-subsequente-do-prosel-2021\/","title":{"rendered":"2\u00aa Chamada de matr\u00edcula para a modalidade integrada e subsequente do Prosel 2021"},"content":{"rendered":"\n<p>O\u00a0IF Baiano<strong>\u00a0<\/strong>divulga a segunda chamada para os candidatos aprovados no Prosel 2021 para a modalidade Integrada e subsequente. Se voc\u00ea \u00e9 um dos aprovados, tem at\u00e9 23\/08 para fazer sua matr\u00edcula, seguindo este passo a passo:<\/p>\n\n\n\n<p><strong>1\u00b0 <\/strong>Consulte o Edital de matr\u00edcula em <a rel=\"noreferrer noopener\" href=\"http:\/\/ingresso.ifbaiano.edu.br\" target=\"_blank\"><strong>ingresso.ifbaiano.edu.br<\/strong><\/a>.<br><strong>2\u00b0<\/strong> Preencha o link do formul\u00e1rio de matr\u00edcula (tamb\u00e9m dispon\u00edvel na p\u00e1gina da sele\u00e7\u00e3o).<br><strong>3\u00b0<\/strong> Imprima, assine todas as p\u00e1ginas e digitalize o documento gerado pelo sistema.<br><strong>4\u00b0<\/strong> Encaminhe ao e-mail indicado pelo campus ofertante do curso: o formul\u00e1rio devidamente assinado e os demais documentos comprobat\u00f3rios (listados no edital de matr\u00edcula).<\/p>\n\n\n\n<p><strong>Veja detalhes no edital de matr\u00edcula, em\u00a0<a rel=\"noreferrer noopener\" href=\"https:\/\/concurso.ifbaiano.edu.br\/portal\/ingresso-de-estudantes-2021\/\" target=\"_blank\">ingresso.ifbaiano.edu.br<\/a>.<\/strong><\/p>\n","protected":false},"excerpt":{"rendered":"<p>O\u00a0IF Baiano\u00a0divulga a segunda chamada para os candidatos aprovados no Prosel 2021 para a modalidade Integrada e subsequente. Se voc\u00ea \u00e9 um dos aprovados, tem at\u00e9 23\/08 para fazer sua matr\u00edcula, seguindo este passo a passo: 1\u00b0 Consulte o Edital de matr\u00edcula em ingresso.ifbaiano.edu.br.2\u00b0 Preencha o link do formul\u00e1rio de matr\u00edcula (tamb\u00e9m dispon\u00edvel na p\u00e1gina [&hellip;]<\/p>\n","protected":false},"author":146,"featured_media":6432,"comment_status":"open","ping_status":"open","sticky":false,"template":"","format":"standard","meta":[],"categories":[13,36,9,63],"tags":[123,119,64,80],"_links":{"self":[{"href":"https:\/\/www.ifbaiano.edu.br\/unidades\/valenca\/wp-json\/wp\/v2\/posts\/6431"}],"collection":[{"href":"https:\/\/www.ifbaiano.edu.br\/unidades\/valenca\/wp-json\/wp\/v2\/posts"}],"about":[{"href":"https:\/\/www.ifbaiano.edu.br\/unidades\/valenca\/wp-json\/wp\/v2\/types\/post"}],"author":[{"embeddable":true,"href":"https:\/\/www.ifbaiano.edu.br\/unidades\/valenca\/wp-json\/wp\/v2\/users\/146"}],"replies":[{"embeddable":true,"href":"https:\/\/www.ifbaiano.edu.br\/unidades\/valenca\/wp-json\/wp\/v2\/comments?post=6431"}],"version-history":[{"count":3,"href":"https:\/\/www.ifbaiano.edu.br\/unidades\/valenca\/wp-json\/wp\/v2\/posts\/6431\/revisions"}],"predecessor-version":[{"id":6435,"href":"https:\/\/www.ifbaiano.edu.br\/unidades\/valenca\/wp-json\/wp\/v2\/posts\/6431\/revisions\/6435"}],"wp:featuredmedia":[{"embeddable":true,"href":"https:\/\/www.ifbaiano.edu.br\/unidades\/valenca\/wp-json\/wp\/v2\/media\/6432"}],"wp:attachment":[{"href":"https:\/\/www.ifbaiano.edu.br\/unidades\/valenca\/wp-json\/wp\/v2\/media?parent=6431"}],"wp:term":[{"taxonomy":"category","embeddable":true,"href":"https:\/\/www.ifbaiano.edu.br\/unidades\/valenca\/wp-json\/wp\/v2\/categories?post=6431"},{"taxonomy":"post_tag","embeddable":true,"href":"https:\/\/www.ifbaiano.edu.br\/unidades\/valenca\/wp-json\/wp\/v2\/tags?post=6431"}],"curies":[{"name":"wp","href":"https:\/\/api.w.org\/{rel}","templated":true}]}}