{"id":6437,"date":"2021-08-20T17:15:13","date_gmt":"2021-08-20T20:15:13","guid":{"rendered":"https:\/\/www.ifbaiano.edu.br\/unidades\/valenca\/?p=6437"},"modified":"2021-08-20T17:15:14","modified_gmt":"2021-08-20T20:15:14","slug":"edital-01-2021-renovacao-de-matricula-dos-cursos-integrados-e-subsequentes-presenciais","status":"publish","type":"post","link":"https:\/\/www.ifbaiano.edu.br\/unidades\/valenca\/2021\/08\/20\/edital-01-2021-renovacao-de-matricula-dos-cursos-integrados-e-subsequentes-presenciais\/","title":{"rendered":"Edital 01\/2021: Renova\u00e7\u00e3o de matr\u00edcula dos cursos Integrados e Subsequentes presenciais"},"content":{"rendered":"\n<p>A Secretaria de Registros Acad\u00eamicos do IF Baiano &#8211; Campus Valen\u00e7a convoca todos os discentes dos cursos nas modalidades Integrado e Subsequente para a renova\u00e7\u00e3o da matr\u00edcula para o ano\/semestre letivo 2021.1. <\/p>\n\n\n\n<p>A renova\u00e7\u00e3o de matr\u00edcula ser\u00e1 realizada atrav\u00e9s do portal do aluno no Sistema Acad\u00eamico <a rel=\"noreferrer noopener\" href=\"https:\/\/suap.ifbaiano.edu.br\/\" target=\"_blank\"><strong>SUAP<\/strong><\/a>, seguindo as orienta\u00e7\u00f5es que constam no <a rel=\"noreferrer noopener\" href=\"https:\/\/www.ifbaiano.edu.br\/unidades\/valenca\/files\/2021\/08\/Edital-no-01-de-20-de-Agosto-de-2021-Renovacao-de-Matricula-online.pdf\" target=\"_blank\"><strong>ANEXO I do edital<\/strong><\/a>, no per\u00edodo de <strong>21 de agosto at\u00e9 \u00e0s 23h59min do dia 27 de agosto de 2021<\/strong>.<\/p>\n\n\n\n<p class=\"has-medium-font-size\"><strong>Acesse o edital:<\/strong><\/p>\n\n\n\n<div class=\"wp-block-file\"><a href=\"https:\/\/www.ifbaiano.edu.br\/unidades\/valenca\/files\/2021\/08\/Edital-no-01-de-20-de-Agosto-de-2021-Renovacao-de-Matricula-online.pdf\">Edital n\u00ba 01 de 20 de agosto de 2021 &#8211; Renovacao de Matricula online<\/a><a href=\"https:\/\/www.ifbaiano.edu.br\/unidades\/valenca\/files\/2021\/08\/Edital-no-01-de-20-de-Agosto-de-2021-Renovacao-de-Matricula-online.pdf\" class=\"wp-block-file__button\" download>Baixar<\/a><\/div>\n\n\n\n<p><\/p>\n","protected":false},"excerpt":{"rendered":"<p>A Secretaria de Registros Acad\u00eamicos do IF Baiano &#8211; Campus Valen\u00e7a convoca todos os discentes dos cursos nas modalidades Integrado e Subsequente para a renova\u00e7\u00e3o da matr\u00edcula para o ano\/semestre letivo 2021.1. A renova\u00e7\u00e3o de matr\u00edcula ser\u00e1 realizada atrav\u00e9s do portal do aluno no Sistema Acad\u00eamico SUAP, seguindo as orienta\u00e7\u00f5es que constam no ANEXO I [&hellip;]<\/p>\n","protected":false},"author":146,"featured_media":0,"comment_status":"open","ping_status":"open","sticky":false,"template":"","format":"standard","meta":[],"categories":[60,36,63],"tags":[133,64,132],"_links":{"self":[{"href":"https:\/\/www.ifbaiano.edu.br\/unidades\/valenca\/wp-json\/wp\/v2\/posts\/6437"}],"collection":[{"href":"https:\/\/www.ifbaiano.edu.br\/unidades\/valenca\/wp-json\/wp\/v2\/posts"}],"about":[{"href":"https:\/\/www.ifbaiano.edu.br\/unidades\/valenca\/wp-json\/wp\/v2\/types\/post"}],"author":[{"embeddable":true,"href":"https:\/\/www.ifbaiano.edu.br\/unidades\/valenca\/wp-json\/wp\/v2\/users\/146"}],"replies":[{"embeddable":true,"href":"https:\/\/www.ifbaiano.edu.br\/unidades\/valenca\/wp-json\/wp\/v2\/comments?post=6437"}],"version-history":[{"count":7,"href":"https:\/\/www.ifbaiano.edu.br\/unidades\/valenca\/wp-json\/wp\/v2\/posts\/6437\/revisions"}],"predecessor-version":[{"id":6445,"href":"https:\/\/www.ifbaiano.edu.br\/unidades\/valenca\/wp-json\/wp\/v2\/posts\/6437\/revisions\/6445"}],"wp:attachment":[{"href":"https:\/\/www.ifbaiano.edu.br\/unidades\/valenca\/wp-json\/wp\/v2\/media?parent=6437"}],"wp:term":[{"taxonomy":"category","embeddable":true,"href":"https:\/\/www.ifbaiano.edu.br\/unidades\/valenca\/wp-json\/wp\/v2\/categories?post=6437"},{"taxonomy":"post_tag","embeddable":true,"href":"https:\/\/www.ifbaiano.edu.br\/unidades\/valenca\/wp-json\/wp\/v2\/tags?post=6437"}],"curies":[{"name":"wp","href":"https:\/\/api.w.org\/{rel}","templated":true}]}}