{"id":6447,"date":"2021-08-24T15:06:28","date_gmt":"2021-08-24T18:06:28","guid":{"rendered":"https:\/\/www.ifbaiano.edu.br\/unidades\/valenca\/?p=6447"},"modified":"2021-08-24T15:27:06","modified_gmt":"2021-08-24T18:27:06","slug":"1a-chamada-de-matricula-para-a-modalidade-ead-do-prosel-2021","status":"publish","type":"post","link":"https:\/\/www.ifbaiano.edu.br\/unidades\/valenca\/2021\/08\/24\/1a-chamada-de-matricula-para-a-modalidade-ead-do-prosel-2021\/","title":{"rendered":"1\u00aa Chamada de matr\u00edcula para a modalidade EaD do Prosel 2021"},"content":{"rendered":"\n<p><em>Matr\u00edculas de 23 a 27 de agosto de 2021<\/em>.<br><\/p>\n\n\n\n<p>O&nbsp;IF Baiano divulga a primeira chamada para os candidatos aprovados no Processo Seletivo 2021 para a modalidade Subsequente ao Ensino M\u00e9dio \u2013&nbsp;<em><strong>Ensino a Dist\u00e2ncia<\/strong><\/em>. Se voc\u00ea \u00e9 um dos aprovados, tem at\u00e9 27\/08 para fazer sua matr\u00edcula, seguindo este passo a passo:<\/p>\n\n\n\n<p><strong>1\u00b0&nbsp;<\/strong>Consulte o Edital de matr\u00edcula em&nbsp;<a rel=\"noreferrer noopener\" href=\"http:\/\/ingresso.ifbaiano.edu.br\/\" target=\"_blank\"><strong>ingresso.ifbaiano.edu.br<\/strong><\/a>.<br><strong>2\u00b0<\/strong>&nbsp;Preencha o formul\u00e1rio de matr\u00edcula (tamb\u00e9m dispon\u00edvel na p\u00e1gina da sele\u00e7\u00e3o).<br><strong>3\u00b0<\/strong>&nbsp;Imprima, assine todas as p\u00e1ginas e digitalize o documento gerado pelo sistema.<br><strong>4\u00b0<\/strong>&nbsp;Encaminhe ao e-mail indicado pelo campus ofertante do curso: o formul\u00e1rio devidamente assinado e os demais documentos comprobat\u00f3rios (listados abaixo e tamb\u00e9m no edital de matr\u00edcula):<\/p>\n\n\n\n<p>I) Documento de identifica\u00e7\u00e3o, conforme edital de matr\u00edcula;<br>II) CPF;<br>III) Certid\u00e3o de nascimento ou casamento;<br>IV) Certificado de conclus\u00e3o e Hist\u00f3rico Escolar do Ensino M\u00e9dio ou Certificado de conclus\u00e3o do Ensino M\u00e9dio por meio do desempenho no Enem ou ENCCEJA;<br>V) Grupo sangu\u00edneo e fator RH;<br>VI) Cart\u00e3o de vacina\u00e7\u00e3o constando vacina contra t\u00e9tano nos \u00faltimos 10 anos;<br>VII) Cart\u00e3o do SUS;<br>VIII) Comprovante de resid\u00eancia ou declara\u00e7\u00e3o de domic\u00edlio;<br>IX) Certificado de Quita\u00e7\u00e3o do Servi\u00e7o Militar (para candidatos do sexo masculino a partir dos 18 anos);<br>X) Quita\u00e7\u00e3o da Justi\u00e7a Eleitoral (para candidatos maiores de 18 anos);<br>XI) RG e CPF do respons\u00e1vel (se aprovado for menor de 18 anos);<br>XII) 1 foto 3&#215;4 (recente).<\/p>\n\n\n\n<hr class=\"wp-block-separator is-style-wide\" \/>\n\n\n\n<p><strong>Veja detalhes no edital de matr\u00edcula, em&nbsp;<a rel=\"noreferrer noopener\" href=\"https:\/\/concurso.ifbaiano.edu.br\/portal\/ingresso-de-estudantes-2021\/\" target=\"_blank\">ingresso.ifbaiano.edu.br<\/a>.<\/strong><\/p>\n","protected":false},"excerpt":{"rendered":"<p>Matr\u00edculas de 23 a 27 de agosto de 2021. O&nbsp;IF Baiano divulga a primeira chamada para os candidatos aprovados no Processo Seletivo 2021 para a modalidade Subsequente ao Ensino M\u00e9dio \u2013&nbsp;Ensino a Dist\u00e2ncia. Se voc\u00ea \u00e9 um dos aprovados, tem at\u00e9 27\/08 para fazer sua matr\u00edcula, seguindo este passo a passo: 1\u00b0&nbsp;Consulte o Edital de [&hellip;]<\/p>\n","protected":false},"author":146,"featured_media":6451,"comment_status":"open","ping_status":"open","sticky":false,"template":"","format":"standard","meta":[],"categories":[13,44,9,63],"tags":[136,64,137,117],"_links":{"self":[{"href":"https:\/\/www.ifbaiano.edu.br\/unidades\/valenca\/wp-json\/wp\/v2\/posts\/6447"}],"collection":[{"href":"https:\/\/www.ifbaiano.edu.br\/unidades\/valenca\/wp-json\/wp\/v2\/posts"}],"about":[{"href":"https:\/\/www.ifbaiano.edu.br\/unidades\/valenca\/wp-json\/wp\/v2\/types\/post"}],"author":[{"embeddable":true,"href":"https:\/\/www.ifbaiano.edu.br\/unidades\/valenca\/wp-json\/wp\/v2\/users\/146"}],"replies":[{"embeddable":true,"href":"https:\/\/www.ifbaiano.edu.br\/unidades\/valenca\/wp-json\/wp\/v2\/comments?post=6447"}],"version-history":[{"count":11,"href":"https:\/\/www.ifbaiano.edu.br\/unidades\/valenca\/wp-json\/wp\/v2\/posts\/6447\/revisions"}],"predecessor-version":[{"id":6462,"href":"https:\/\/www.ifbaiano.edu.br\/unidades\/valenca\/wp-json\/wp\/v2\/posts\/6447\/revisions\/6462"}],"wp:featuredmedia":[{"embeddable":true,"href":"https:\/\/www.ifbaiano.edu.br\/unidades\/valenca\/wp-json\/wp\/v2\/media\/6451"}],"wp:attachment":[{"href":"https:\/\/www.ifbaiano.edu.br\/unidades\/valenca\/wp-json\/wp\/v2\/media?parent=6447"}],"wp:term":[{"taxonomy":"category","embeddable":true,"href":"https:\/\/www.ifbaiano.edu.br\/unidades\/valenca\/wp-json\/wp\/v2\/categories?post=6447"},{"taxonomy":"post_tag","embeddable":true,"href":"https:\/\/www.ifbaiano.edu.br\/unidades\/valenca\/wp-json\/wp\/v2\/tags?post=6447"}],"curies":[{"name":"wp","href":"https:\/\/api.w.org\/{rel}","templated":true}]}}