{"id":6463,"date":"2021-08-25T18:11:57","date_gmt":"2021-08-25T21:11:57","guid":{"rendered":"https:\/\/www.ifbaiano.edu.br\/unidades\/valenca\/?p=6463"},"modified":"2021-09-13T11:15:24","modified_gmt":"2021-09-13T14:15:24","slug":"campus-valenca-abre-inscricoes-para-vagas-remanescentes-em-cursos-tecnicos","status":"publish","type":"post","link":"https:\/\/www.ifbaiano.edu.br\/unidades\/valenca\/2021\/08\/25\/campus-valenca-abre-inscricoes-para-vagas-remanescentes-em-cursos-tecnicos\/","title":{"rendered":"Campus Valen\u00e7a abre inscri\u00e7\u00f5es para vagas remanescentes em cursos t\u00e9cnicos"},"content":{"rendered":"\n<p><br><\/p>\n\n\n\n<p>O Instituto Federal Baiano,&nbsp;<em>Campus&nbsp;<\/em>Valen\u00e7a, atrav\u00e9s do <a rel=\"noreferrer noopener\" href=\"https:\/\/www.ifbaiano.edu.br\/unidades\/valenca\/files\/2021\/08\/Edital-No-02-Vagas-Remanescentes-Cursos-Integrados-Campus-Valenca.pdf\" data-type=\"URL\" data-id=\"https:\/\/www.ifbaiano.edu.br\/unidades\/valenca\/files\/2021\/08\/Edital-No-02-Vagas-Remanescentes-Cursos-Integrados-Campus-Valenca.pdf\" target=\"_blank\"><strong>Edital n\u00ba 02<\/strong><\/a> e <a rel=\"noreferrer noopener\" href=\"https:\/\/www.ifbaiano.edu.br\/unidades\/valenca\/files\/2021\/08\/Edital-No-03-Vagas-Remanescentes-Cursos-Subsequentes-Campus-Valenca.pdf\" data-type=\"URL\" data-id=\"https:\/\/www.ifbaiano.edu.br\/unidades\/valenca\/files\/2021\/08\/Edital-No-03-Vagas-Remanescentes-Cursos-Subsequentes-Campus-Valenca.pdf\" target=\"_blank\"><strong>Edital n\u00ba 03<\/strong><\/a>, de 24 de agosto de 2021, torna p\u00fablica a abertura de inscri\u00e7\u00f5es para vagas remanescentes oriundas do processo de ingresso de estudantes em 2021, nos cursos da Educa\u00e7\u00e3o Profissional T\u00e9cnica de N\u00edvel M\u00e9dio, na forma <strong>Integrada<\/strong> e <strong>Subsequente ao Ensino M\u00e9dio<\/strong> \u2013 na modalidade presencial. <\/p>\n\n\n\n<p>S\u00e3o 37 vagas para o curso&nbsp;<strong>T\u00e9cnico em Agroecologia<\/strong>&nbsp;e 56 vagas para o curso&nbsp;<strong>T\u00e9cnico em Agropecu\u00e1ria<\/strong>, da modalidade Integrada ao ensino m\u00e9dio. E tamb\u00e9m h\u00e1 30 vagas para o curso&nbsp;<strong>T\u00e9cnico em Agropecu\u00e1ria<\/strong> e 27 vagas para o curso&nbsp;<strong>T\u00e9cnico em Meio Ambiente<\/strong>, da forma subsequente.&nbsp;<\/p>\n\n\n\n<p>Os cursos T\u00e9cnicos de N\u00edvel M\u00e9dio, na forma Integrada, na modalidade presencial, s\u00e3o destinados aos(\u00e0s) candidatos(as) que j\u00e1 conclu\u00edram todo o Ensino Fundamental, j\u00e1 os cursos T\u00e9cnicos de N\u00edvel M\u00e9dio na forma Subsequente na modalidade presencial s\u00e3o destinados aos(\u00e0s) candidatos(as) que j\u00e1 conclu\u00edram o Ensino M\u00e9dio.<\/p>\n\n\n\n<p style=\"font-size:18px\"><strong>Sele\u00e7\u00e3o<\/strong><\/p>\n\n\n\n<p>A&nbsp;sele\u00e7\u00e3o&nbsp;ser\u00e1&nbsp;realizada&nbsp;<strong>EXCLUSIVAMENTE <\/strong>de&nbsp;forma&nbsp;eletr\u00f4nica,&nbsp;mediante&nbsp;manifesta\u00e7\u00e3o&nbsp;on-line&nbsp;de interesse&nbsp;na&nbsp;vaga,&nbsp;por&nbsp;meio&nbsp;de&nbsp;preenchimento&nbsp;do&nbsp;formul\u00e1rio&nbsp;de&nbsp;inscri\u00e7\u00e3o,&nbsp;e&nbsp;encaminhamento,&nbsp;junto com&nbsp;a&nbsp;documenta\u00e7\u00e3o&nbsp;de&nbsp;matr\u00edcula.<br>Para candidatar-se \u00e0 vaga, o candidato dever\u00e1 ler na \u00edntegra o edital e preencher o formul\u00e1rio de inscri\u00e7\u00e3o presente no ANEXO II.<\/p>\n\n\n\n<p style=\"font-size:18px\"><strong><strong>Sobre os cursos<\/strong><\/strong><\/p>\n\n\n\n<hr class=\"wp-block-separator\" \/>\n\n\n\n<p><strong>\u2013 Modalidade Integrada ao Ensino M\u00e9dio<\/strong><\/p>\n\n\n\n<p>Para manifestar interesse nas vagas dos cursos integrados, os candidatos t\u00eam do dia 27 de agosto, at\u00e9 \u00e0s 12h do dia 3 de setembro para preencher o formul\u00e1rio de inscri\u00e7\u00e3o dispon\u00edvel na&nbsp;<a href=\"https:\/\/concurso.ifbaiano.edu.br\/portal\/vagas-integrado-valenca-agosto-2021\/\">p\u00e1gina da sele\u00e7\u00e3o<\/a>. Ap\u00f3s o preenchimento, \u00e9 necess\u00e1rio enviar a c\u00f3pia do formul\u00e1rio gerada pelo sistema, junto com a documenta\u00e7\u00e3o de matr\u00edcula, para o email&nbsp;<a href=\"mailto:integrado.valenca@ifbaiano.edu.br\">integrado.valenca@alunos.ifbaiano.edu.br<\/a> (para o curso integrado).<\/p>\n\n\n\n<div class=\"wp-block-group alignwide is-layout-flow\"><div class=\"wp-block-group__inner-container\">\n<div class=\"wp-block-media-text alignwide has-media-on-the-right is-stacked-on-mobile\" style=\"grid-template-columns:auto 47%\"><figure class=\"wp-block-media-text__media\"><img decoding=\"async\" loading=\"lazy\" width=\"800\" height=\"800\" src=\"https:\/\/www.ifbaiano.edu.br\/unidades\/valenca\/files\/2021\/08\/WhatsApp-Image-2021-08-25-at-19.38.15.jpeg\" alt=\"\" class=\"wp-image-6483 size-full\" \/><\/figure><div class=\"wp-block-media-text__content\">\n<div class=\"wp-block-buttons is-layout-flex\"><\/div>\n\n\n\n<div class=\"wp-block-group is-layout-flow\"><div class=\"wp-block-group__inner-container\">\n<p class=\"has-normal-font-size\">A inscri\u00e7\u00e3o \u00e9 gratuita e dever\u00e1 ser realizada, <strong>exclusivamente<\/strong>, atrav\u00e9s do link abaixo:<\/p>\n<\/div><\/div>\n\n\n\n<div class=\"wp-block-buttons is-layout-flex\">\n<div class=\"wp-block-button is-style-outline\"><a class=\"wp-block-button__link has-white-color has-electric-grass-gradient-background has-text-color has-background\" href=\"http:\/\/opinanovo.ifbaiano.edu.br\/index.php\/646821?lang=pt-BR\" style=\"border-radius:27px\" target=\"_blank\" rel=\"noreferrer noopener\">Ficha de inscri\u00e7\u00e3o Integrada<\/a><\/div>\n<\/div>\n\n\n\n<p><br><\/p>\n\n\n\n<div class=\"wp-block-file\"><a href=\"https:\/\/www.ifbaiano.edu.br\/unidades\/valenca\/files\/2021\/09\/Edital-de-Retificacao-No-02-de-03-de-setembro-de-2021-Vagas-remanescentes-cursos-Integrados.pdf\"><a rel=\"noreferrer noopener\" target=\"_blank\" href=\"https:\/\/concurso.ifbaiano.edu.br\/portal\/vagas-integrado-valenca-agosto-2021\/wp-content\/uploads\/sites\/440\/2021\/09\/EDITAL-RETIFICACAO-VAGAS-REMANCESCENTES-INTEGRADOS-2021-Valenca.pdf\"><strong>Edital de Retifica\u00e7\u00e3o N\u00ba 02<\/strong><\/a><\/a><\/div>\n\n\n\n<div class=\"wp-block-file\"><a href=\"https:\/\/www.ifbaiano.edu.br\/unidades\/valenca\/files\/2021\/08\/Edital-No-02-Vagas-Remanescentes-Cursos-Integrados-Campus-Valenca.pdf\"><strong>Edital N\u00ba 02 &#8211; Integrado<\/strong><\/a><\/div>\n<\/div><\/div>\n<\/div><\/div>\n\n\n\n<hr class=\"wp-block-separator is-style-default\" \/>\n\n\n\n<p><strong>\u2013 Modalidade Subsequente ao Ensino M\u00e9dio<\/strong><\/p>\n\n\n\n<p>J\u00e1 os interessados nas vagas do curso subsequente, t\u00eam do dia 27 de agosto, at\u00e9 as 12h do dia 10 de setembro, para preencher o formul\u00e1rio de inscri\u00e7\u00e3o dispon\u00edvel na&nbsp;<a href=\"https:\/\/concurso.ifbaiano.edu.br\/portal\/vagas-subsequente-valenca-agosto-2021\/\">p\u00e1gina da sele\u00e7\u00e3o<\/a>. Ap\u00f3s o preenchimento, \u00e9 necess\u00e1rio enviar a c\u00f3pia do formul\u00e1rio gerada pelo sistema, junto com a documenta\u00e7\u00e3o de matr\u00edcula, para o e-mail <a href=\"mailto:subsequente.valenca@alunos.ifbaiano.edu.br\" target=\"_blank\" rel=\"noreferrer noopener\">subsequente.valenca@alunos.ifbaiano.edu.br<\/a> (para o curso subsequente).&nbsp;<\/p>\n\n\n\n<div class=\"wp-block-media-text alignwide has-media-on-the-right is-stacked-on-mobile is-vertically-aligned-center\" style=\"grid-template-columns:auto 48%\"><figure class=\"wp-block-media-text__media\"><img decoding=\"async\" loading=\"lazy\" width=\"800\" height=\"800\" src=\"https:\/\/www.ifbaiano.edu.br\/unidades\/valenca\/files\/2021\/08\/WhatsApp-Image-2021-08-25-at-19.38.29.jpeg\" alt=\"\" class=\"wp-image-6493 size-full\" \/><\/figure><div class=\"wp-block-media-text__content\">\n<div class=\"wp-block-columns is-layout-flex wp-container-6\">\n<div class=\"wp-block-column is-layout-flow\" style=\"flex-basis:100%\">\n<p class=\"has-normal-font-size\">A inscri\u00e7\u00e3o \u00e9 gratuita e dever\u00e1 ser realizada, <strong>exclusivamente<\/strong>, atrav\u00e9s do link abaixo:<\/p>\n<\/div>\n<\/div>\n\n\n\n<div class=\"wp-block-buttons is-layout-flex\">\n<div class=\"wp-block-button is-style-outline\"><a class=\"wp-block-button__link has-white-color has-electric-grass-gradient-background has-text-color has-background\" href=\"http:\/\/opinanovo.ifbaiano.edu.br\/index.php\/618158?lang=pt-BR\" style=\"border-radius:27px\" target=\"_blank\" rel=\"noreferrer noopener\">Ficha de inscri\u00e7\u00e3o Subsequente<\/a><\/div>\n<\/div>\n\n\n\n<p><br><\/p>\n\n\n\n<div class=\"wp-block-file\"><a href=\"https:\/\/concurso.ifbaiano.edu.br\/portal\/vagas-subsequente-valenca-agosto-2021\/wp-content\/uploads\/sites\/441\/2021\/09\/Edital-de-Retificacao-n%C2%B0-03.pdf\" target=\"_blank\" rel=\"noreferrer noopener\"><strong>Edital de Retifica\u00e7\u00e3o N\u00b0 03<\/strong><\/a><\/div>\n\n\n\n<div class=\"wp-block-file\"><a href=\"https:\/\/www.ifbaiano.edu.br\/unidades\/valenca\/files\/2021\/08\/Edital-No-03-Vagas-Remanescentes-Cursos-Subsequentes-Campus-Valenca.pdf\"><strong>Edital N\u00ba 03 &#8211; &nbsp;Subsequente<\/strong><\/a><\/div>\n<\/div><\/div>\n\n\n\n<hr class=\"wp-block-separator is-style-wide\" \/>\n\n\n\n<p style=\"font-size:18px\"><strong>Mais informa\u00e7\u00f5es<\/strong><\/p>\n\n\n\n<p>Consulte os editais e acompanhe atualiza\u00e7\u00f5es da sele\u00e7\u00e3o <a href=\"https:\/\/ifbaiano.edu.br\/portal\/concursos\/\" data-type=\"URL\">nesta p\u00e1gina<\/a>.<br>D\u00favidas&nbsp;sobre&nbsp;o&nbsp;processo&nbsp;dever\u00e3o&nbsp;ser&nbsp;encaminhadas&nbsp;para <a href=\"mailto:integrado.valenca@ifbaiano.edu.br\">integrado.valenca@alunos.ifbaiano.edu.br<\/a> (integrado) e <a href=\"mailto:subsequente.valenca@alunos.ifbaiano.edu.br\">subsequente.valenca@alunos.ifbaiano.edu.br<\/a> (subsequente). <\/p>\n\n\n\n<p>&nbsp;<\/p>\n","protected":false},"excerpt":{"rendered":"<p>O Instituto Federal Baiano,&nbsp;Campus&nbsp;Valen\u00e7a, atrav\u00e9s do Edital n\u00ba 02 e Edital n\u00ba 03, de 24 de agosto de 2021, torna p\u00fablica a abertura de inscri\u00e7\u00f5es para vagas remanescentes oriundas do processo de ingresso de estudantes em 2021, nos cursos da Educa\u00e7\u00e3o Profissional T\u00e9cnica de N\u00edvel M\u00e9dio, na forma Integrada e Subsequente ao Ensino M\u00e9dio \u2013 [&hellip;]<\/p>\n","protected":false},"author":146,"featured_media":6493,"comment_status":"open","ping_status":"open","sticky":false,"template":"","format":"standard","meta":[],"categories":[60,13,5,35,36,9,32,63],"tags":[138,64,139,117],"_links":{"self":[{"href":"https:\/\/www.ifbaiano.edu.br\/unidades\/valenca\/wp-json\/wp\/v2\/posts\/6463"}],"collection":[{"href":"https:\/\/www.ifbaiano.edu.br\/unidades\/valenca\/wp-json\/wp\/v2\/posts"}],"about":[{"href":"https:\/\/www.ifbaiano.edu.br\/unidades\/valenca\/wp-json\/wp\/v2\/types\/post"}],"author":[{"embeddable":true,"href":"https:\/\/www.ifbaiano.edu.br\/unidades\/valenca\/wp-json\/wp\/v2\/users\/146"}],"replies":[{"embeddable":true,"href":"https:\/\/www.ifbaiano.edu.br\/unidades\/valenca\/wp-json\/wp\/v2\/comments?post=6463"}],"version-history":[{"count":43,"href":"https:\/\/www.ifbaiano.edu.br\/unidades\/valenca\/wp-json\/wp\/v2\/posts\/6463\/revisions"}],"predecessor-version":[{"id":7118,"href":"https:\/\/www.ifbaiano.edu.br\/unidades\/valenca\/wp-json\/wp\/v2\/posts\/6463\/revisions\/7118"}],"wp:featuredmedia":[{"embeddable":true,"href":"https:\/\/www.ifbaiano.edu.br\/unidades\/valenca\/wp-json\/wp\/v2\/media\/6493"}],"wp:attachment":[{"href":"https:\/\/www.ifbaiano.edu.br\/unidades\/valenca\/wp-json\/wp\/v2\/media?parent=6463"}],"wp:term":[{"taxonomy":"category","embeddable":true,"href":"https:\/\/www.ifbaiano.edu.br\/unidades\/valenca\/wp-json\/wp\/v2\/categories?post=6463"},{"taxonomy":"post_tag","embeddable":true,"href":"https:\/\/www.ifbaiano.edu.br\/unidades\/valenca\/wp-json\/wp\/v2\/tags?post=6463"}],"curies":[{"name":"wp","href":"https:\/\/api.w.org\/{rel}","templated":true}]}}