{"id":6511,"date":"2021-08-27T12:51:21","date_gmt":"2021-08-27T15:51:21","guid":{"rendered":"https:\/\/www.ifbaiano.edu.br\/unidades\/valenca\/?p=6511"},"modified":"2021-08-27T12:52:10","modified_gmt":"2021-08-27T15:52:10","slug":"abertas-as-inscricoes-para-eleicoes-de-membros-do-conselho-superior","status":"publish","type":"post","link":"https:\/\/www.ifbaiano.edu.br\/unidades\/valenca\/2021\/08\/27\/abertas-as-inscricoes-para-eleicoes-de-membros-do-conselho-superior\/","title":{"rendered":"Abertas as inscri\u00e7\u00f5es para elei\u00e7\u00f5es de membros do Conselho Superior"},"content":{"rendered":"\n<p><em>Est\u00e1 em curso o processo eleitoral para a escolha dos(as) representantes do Conselho Superior (CONSUP) do IF Baiano, bi\u00eanio 2021-2023<\/em><\/p>\n\n\n\n<figure class=\"wp-block-gallery aligncenter columns-3 is-cropped wp-block-gallery-1 is-layout-flex\"><ul class=\"blocks-gallery-grid\"><li class=\"blocks-gallery-item\"><figure><img decoding=\"async\" loading=\"lazy\" width=\"1080\" height=\"1080\" src=\"https:\/\/www.ifbaiano.edu.br\/unidades\/valenca\/files\/2021\/08\/WhatsApp-Image-2021-08-25-at-19.23.08-2.jpeg\" alt=\"\" data-id=\"6513\" data-link=\"https:\/\/www.ifbaiano.edu.br\/unidades\/valenca\/?attachment_id=6513\" class=\"wp-image-6513\" \/><\/figure><\/li><li class=\"blocks-gallery-item\"><figure><img decoding=\"async\" loading=\"lazy\" width=\"1080\" height=\"1080\" src=\"https:\/\/www.ifbaiano.edu.br\/unidades\/valenca\/files\/2021\/08\/WhatsApp-Image-2021-08-25-at-19.23.08-1.jpeg\" alt=\"\" data-id=\"6514\" data-link=\"https:\/\/www.ifbaiano.edu.br\/unidades\/valenca\/?attachment_id=6514\" class=\"wp-image-6514\" \/><\/figure><\/li><li class=\"blocks-gallery-item\"><figure><img decoding=\"async\" loading=\"lazy\" width=\"1080\" height=\"1080\" src=\"https:\/\/www.ifbaiano.edu.br\/unidades\/valenca\/files\/2021\/08\/WhatsApp-Image-2021-08-25-at-19.23.08-3.jpeg\" alt=\"\" data-id=\"6515\" data-link=\"https:\/\/www.ifbaiano.edu.br\/unidades\/valenca\/?attachment_id=6515\" class=\"wp-image-6515\" \/><\/figure><\/li><\/ul><\/figure>\n\n\n\n<p>O Conselho Superior (Consup) realizar\u00e1 elei\u00e7\u00f5es, em setembro, para a composi\u00e7\u00e3o de novos membros para o bi\u00eanio 2021-2023 e a Comiss\u00e3o Eleitoral divulgou editais para inscri\u00e7\u00f5es de candidatos em cada categoria. As inscri\u00e7\u00f5es para docentes, discentes, servidores t\u00e9cnicos e egressos s\u00e3o realizadas atrav\u00e9s do envio da documenta\u00e7\u00e3o e formul\u00e1rios exigidos pelos editais para o endere\u00e7o de e-mail \u201c<a href=\"mailto:eleicao.consup@reitoria.ifbaiano.edu.br\">eleicao.consup@reitoria.ifbaiano.edu.br<\/a>\u201d.<\/p>\n\n\n\n<p>O Conselho Superior \u00e9 o \u00f3rg\u00e3o m\u00e1ximo da institui\u00e7\u00e3o, de car\u00e1ter consultivo e deliberativo, que integra a estrutura b\u00e1sica do Instituto Federal de Educa\u00e7\u00e3o, Ci\u00eancia e Tecnologia Baiano. Ele \u00e9 composto pelo reitor, como presidente; servidores docentes; representantes discentes; servidores t\u00e9cnico-administrativos; representantes dos egressos; representantes da sociedade civil; um representante titular do Minist\u00e9rio da Educa\u00e7\u00e3o, designado pela Secretaria de Educa\u00e7\u00e3o Profissional e Tecnol\u00f3gica do Minist\u00e9rio da Educa\u00e7\u00e3o; representantes do Col\u00e9gio de Dirigentes; representante de Se\u00e7\u00e3o Sindical vinculada ao IF Baiano; representante do Diret\u00f3rio Central dos Estudantes do IF Baiano.\u00a0<\/p>\n\n\n\n<p>S\u00e3o escolhidos via elei\u00e7\u00e3o por seus pares docentes, discentes, servidores t\u00e9cnicos, egressos e representantes do Col\u00e9gio de Dirigentes. O n\u00famero de membros para cada categoria e a forma como chegam ao cargo est\u00e3o detalhadamente descritos no\u00a0<a href=\"https:\/\/ifbaiano.edu.br\/portal\/wp-content\/uploads\/2018\/11\/Resolu%C3%A7%C3%A3o-44-_Anexo-_Regimento-Interno-do-CONSUP-IF-Baiano.pdf\">Regimento Interno do Consup<\/a>.<\/p>\n\n\n\n<p>As inscri\u00e7\u00f5es dos candidatos na categoria egressos acontecem de 26 a 31 de agosto, com vota\u00e7\u00e3o on-line dia 21 de setembro, \u00e0s 10h, atrav\u00e9s do Sistema Helios. J\u00e1 as inscri\u00e7\u00f5es dos docentes, t\u00e9cnicos administrativos e discentes acontecem de 02 a 06 de setembro e a vota\u00e7\u00e3o on-line acontece dia 24 de setembro, atrav\u00e9s do\u00a0<strong>Sistema Helios<\/strong>. Para acessar o sistema de vota\u00e7\u00e3o, o usu\u00e1rio utilizar\u00e1 os dados de login e senha usados na Plataforma SUAP.\u00a0 O Col\u00e9gio de Dirigentes tamb\u00e9m escolher\u00e1 seus representantes em reuni\u00e3o nos dias 13 e 14 de setembro. As inscri\u00e7\u00f5es para representantes de se\u00e7\u00f5es sindicais acontecem de 26 de agosto a 01 de setembro, atrav\u00e9s do envio de ficha de inscri\u00e7\u00e3o devidamente preenchida ao e-mail\u00a0<em><strong>\u201celeicao.consup@reitoria.iIaiano.edu.br\u201d<\/strong><\/em>\u00a0por membros das Dire\u00e7\u00f5es de Se\u00e7\u00f5es Sindicais. A escolha do representante e suplente dessa categoria ser\u00e1 por aclama\u00e7\u00e3o em reuni\u00e3o convocada pela Comiss\u00e3o Eleitoral Geral.<\/p>\n\n\n\n<p>Para verificar as condi\u00e7\u00f5es de elegibilidade, informa\u00e7\u00f5es sobre campanhas, vota\u00e7\u00e3o e cronograma, \u00e9 necess\u00e1rio ler atentamente os editais dispon\u00edveis\u00a0<a href=\"https:\/\/concurso.ifbaiano.edu.br\/portal\/eleicoes-consup-bienio-2021-2023\/\">aqui<\/a>.<\/p>\n\n\n\n<p>As d\u00favidas poder\u00e3o ser enviadas para a Comiss\u00e3o Eleitoral Geral pelo e-mail:<br>eleicao.consup@reitoria.iOaiano.edu.br.<br><\/p>\n\n\n\n<hr class=\"wp-block-separator\" \/>\n\n\n\n<p>Mat\u00e9ria dispon\u00edvel em:<a href=\"https:\/\/ifbaiano.edu.br\/portal\/blog\/lancados-os-editais-para-eleicoes-de-membros-do-conselho-superior\/\" target=\"_blank\" rel=\"noreferrer noopener\"> https:\/\/ifbaiano.edu.br\/portal\/blog\/lancados-os-editais-para-eleicoes-de-membros-do-conselho-superior\/<\/a><\/p>\n","protected":false},"excerpt":{"rendered":"<p>Est\u00e1 em curso o processo eleitoral para a escolha dos(as) representantes do Conselho Superior (CONSUP) do IF Baiano, bi\u00eanio 2021-2023 O Conselho Superior (Consup) realizar\u00e1 elei\u00e7\u00f5es, em setembro, para a composi\u00e7\u00e3o de novos membros para o bi\u00eanio 2021-2023 e a Comiss\u00e3o Eleitoral divulgou editais para inscri\u00e7\u00f5es de candidatos em cada categoria. As inscri\u00e7\u00f5es para docentes, [&hellip;]<\/p>\n","protected":false},"author":146,"featured_media":6515,"comment_status":"open","ping_status":"open","sticky":false,"template":"","format":"standard","meta":[],"categories":[4,5,35,36,63],"tags":[140,141],"_links":{"self":[{"href":"https:\/\/www.ifbaiano.edu.br\/unidades\/valenca\/wp-json\/wp\/v2\/posts\/6511"}],"collection":[{"href":"https:\/\/www.ifbaiano.edu.br\/unidades\/valenca\/wp-json\/wp\/v2\/posts"}],"about":[{"href":"https:\/\/www.ifbaiano.edu.br\/unidades\/valenca\/wp-json\/wp\/v2\/types\/post"}],"author":[{"embeddable":true,"href":"https:\/\/www.ifbaiano.edu.br\/unidades\/valenca\/wp-json\/wp\/v2\/users\/146"}],"replies":[{"embeddable":true,"href":"https:\/\/www.ifbaiano.edu.br\/unidades\/valenca\/wp-json\/wp\/v2\/comments?post=6511"}],"version-history":[{"count":5,"href":"https:\/\/www.ifbaiano.edu.br\/unidades\/valenca\/wp-json\/wp\/v2\/posts\/6511\/revisions"}],"predecessor-version":[{"id":6520,"href":"https:\/\/www.ifbaiano.edu.br\/unidades\/valenca\/wp-json\/wp\/v2\/posts\/6511\/revisions\/6520"}],"wp:featuredmedia":[{"embeddable":true,"href":"https:\/\/www.ifbaiano.edu.br\/unidades\/valenca\/wp-json\/wp\/v2\/media\/6515"}],"wp:attachment":[{"href":"https:\/\/www.ifbaiano.edu.br\/unidades\/valenca\/wp-json\/wp\/v2\/media?parent=6511"}],"wp:term":[{"taxonomy":"category","embeddable":true,"href":"https:\/\/www.ifbaiano.edu.br\/unidades\/valenca\/wp-json\/wp\/v2\/categories?post=6511"},{"taxonomy":"post_tag","embeddable":true,"href":"https:\/\/www.ifbaiano.edu.br\/unidades\/valenca\/wp-json\/wp\/v2\/tags?post=6511"}],"curies":[{"name":"wp","href":"https:\/\/api.w.org\/{rel}","templated":true}]}}