{"id":6522,"date":"2021-08-30T17:04:42","date_gmt":"2021-08-30T20:04:42","guid":{"rendered":"https:\/\/www.ifbaiano.edu.br\/unidades\/valenca\/?p=6522"},"modified":"2021-08-30T17:04:42","modified_gmt":"2021-08-30T20:04:42","slug":"2a-chamada-para-renovacao-de-matricula-cursos-integrados-e-subsequentes-presenciais","status":"publish","type":"post","link":"https:\/\/www.ifbaiano.edu.br\/unidades\/valenca\/2021\/08\/30\/2a-chamada-para-renovacao-de-matricula-cursos-integrados-e-subsequentes-presenciais\/","title":{"rendered":"2\u00aa Chamada para renova\u00e7\u00e3o de matr\u00edcula \u2013 cursos Integrados e Subsequentes presenciais"},"content":{"rendered":"\n<p>A Secretaria de Registros Acad\u00eamicos do IF Baiano \u2013 Campus Valen\u00e7a convoca todos os discentes dos cursos nas modalidades Integrado e Subsequente para <strong>SEGUNDA CHAMADA<\/strong> para a renova\u00e7\u00e3o da matr\u00edcula para o ano\/semestre letivo 2021.1.<\/p>\n\n\n\n<p>A renova\u00e7\u00e3o de matr\u00edcula ser\u00e1 realizada atrav\u00e9s do portal do aluno no Sistema Acad\u00eamico <a rel=\"noreferrer noopener\" href=\"https:\/\/suap.ifbaiano.edu.br\/\" data-type=\"URL\" data-id=\"https:\/\/suap.ifbaiano.edu.br\/\" target=\"_blank\">SUAP<\/a>, seguindo as orienta\u00e7\u00f5es que constam no <strong>ANEXO I<\/strong> do <a href=\"https:\/\/www.ifbaiano.edu.br\/unidades\/valenca\/files\/2021\/08\/EDITAL-No-02-DE-30-DE-AGOSTO-DE-2021.pdf\" data-type=\"URL\" data-id=\"https:\/\/www.ifbaiano.edu.br\/unidades\/valenca\/files\/2021\/08\/EDITAL-No-02-DE-30-DE-AGOSTO-DE-2021.pdf\" target=\"_blank\" rel=\"noreferrer noopener\">edital<\/a>, no per\u00edodo de 31 de agosto at\u00e9 \u00e0s 23h59min do dia 01 de Setembro.<\/p>\n\n\n\n<div class=\"wp-block-file\"><a href=\"https:\/\/www.ifbaiano.edu.br\/unidades\/valenca\/files\/2021\/08\/EDITAL-No-02-DE-30-DE-AGOSTO-DE-2021.pdf\"><strong>EDITAL N\u00ba 02, DE 30 DE AGOSTO DE 2021<\/strong><\/a><a href=\"https:\/\/www.ifbaiano.edu.br\/unidades\/valenca\/files\/2021\/08\/EDITAL-No-02-DE-30-DE-AGOSTO-DE-2021.pdf\" class=\"wp-block-file__button\" download>Baixar<\/a><\/div>\n","protected":false},"excerpt":{"rendered":"<p>A Secretaria de Registros Acad\u00eamicos do IF Baiano \u2013 Campus Valen\u00e7a convoca todos os discentes dos cursos nas modalidades Integrado e Subsequente para SEGUNDA CHAMADA para a renova\u00e7\u00e3o da matr\u00edcula para o ano\/semestre letivo 2021.1. A renova\u00e7\u00e3o de matr\u00edcula ser\u00e1 realizada atrav\u00e9s do portal do aluno no Sistema Acad\u00eamico SUAP, seguindo as orienta\u00e7\u00f5es que constam [&hellip;]<\/p>\n","protected":false},"author":146,"featured_media":0,"comment_status":"open","ping_status":"open","sticky":false,"template":"","format":"standard","meta":[],"categories":[4,13,35,36,63],"tags":[74,64,142],"_links":{"self":[{"href":"https:\/\/www.ifbaiano.edu.br\/unidades\/valenca\/wp-json\/wp\/v2\/posts\/6522"}],"collection":[{"href":"https:\/\/www.ifbaiano.edu.br\/unidades\/valenca\/wp-json\/wp\/v2\/posts"}],"about":[{"href":"https:\/\/www.ifbaiano.edu.br\/unidades\/valenca\/wp-json\/wp\/v2\/types\/post"}],"author":[{"embeddable":true,"href":"https:\/\/www.ifbaiano.edu.br\/unidades\/valenca\/wp-json\/wp\/v2\/users\/146"}],"replies":[{"embeddable":true,"href":"https:\/\/www.ifbaiano.edu.br\/unidades\/valenca\/wp-json\/wp\/v2\/comments?post=6522"}],"version-history":[{"count":6,"href":"https:\/\/www.ifbaiano.edu.br\/unidades\/valenca\/wp-json\/wp\/v2\/posts\/6522\/revisions"}],"predecessor-version":[{"id":6529,"href":"https:\/\/www.ifbaiano.edu.br\/unidades\/valenca\/wp-json\/wp\/v2\/posts\/6522\/revisions\/6529"}],"wp:attachment":[{"href":"https:\/\/www.ifbaiano.edu.br\/unidades\/valenca\/wp-json\/wp\/v2\/media?parent=6522"}],"wp:term":[{"taxonomy":"category","embeddable":true,"href":"https:\/\/www.ifbaiano.edu.br\/unidades\/valenca\/wp-json\/wp\/v2\/categories?post=6522"},{"taxonomy":"post_tag","embeddable":true,"href":"https:\/\/www.ifbaiano.edu.br\/unidades\/valenca\/wp-json\/wp\/v2\/tags?post=6522"}],"curies":[{"name":"wp","href":"https:\/\/api.w.org\/{rel}","templated":true}]}}