{"id":6530,"date":"2021-08-31T11:38:34","date_gmt":"2021-08-31T14:38:34","guid":{"rendered":"https:\/\/www.ifbaiano.edu.br\/unidades\/valenca\/?p=6530"},"modified":"2022-11-03T14:48:05","modified_gmt":"2022-11-03T17:48:05","slug":"live-audiencia-publica","status":"publish","type":"post","link":"https:\/\/www.ifbaiano.edu.br\/unidades\/valenca\/2021\/08\/31\/live-audiencia-publica\/","title":{"rendered":"Live &#8211; Audi\u00eancia P\u00fablica"},"content":{"rendered":"\n<p>O Instituto Federal Baiano &#8211; campus Valen\u00e7a realizar\u00e1 Audi\u00eancia P\u00fablica para apresentar os resultados do estudo de demanda para implanta\u00e7\u00e3o de curso T\u00e9cnico em Meio Ambiente modalidade Integrado. A transmiss\u00e3o ser\u00e1 hoje, 31, \u00e0s 19 horas, atrav\u00e9s do canal do YouTube <a rel=\"noreferrer noopener\" href=\"https:\/\/www.youtube.com\/channel\/UC81IOTJwIffyKvJzwLGZ4eQ\" target=\"_blank\"><strong>IF Baiano Campus Valen\u00e7a<\/strong><\/a>. <\/p>\n\n\n\n<div class=\"wp-block-columns is-layout-flex wp-container-4\">\n<div class=\"wp-block-column is-vertically-aligned-center is-layout-flow\" style=\"flex-basis:100%\">\n<div class=\"wp-block-group alignwide is-layout-flow\"><div class=\"wp-block-group__inner-container\">\n<div class=\"wp-block-media-text alignwide is-stacked-on-mobile\" style=\"grid-template-columns:54% auto\"><figure class=\"wp-block-media-text__media\"><img decoding=\"async\" loading=\"lazy\" width=\"1920\" height=\"1080\" src=\"https:\/\/www.ifbaiano.edu.br\/unidades\/valenca\/files\/2021\/08\/1920x1080-capa-audiencia-publica-tec-meio-ambiente-valenca-agosto-2021.png\" alt=\"\" class=\"wp-image-6531 size-full\" \/><\/figure><div class=\"wp-block-media-text__content\">\n<p class=\"has-text-align-center\" style=\"font-size:22px\"><strong>Transmiss\u00e3o no canal do YouTube<\/strong>:<\/p>\n\n\n\n<div class=\"wp-block-buttons is-layout-flex\">\n<div class=\"wp-block-button has-custom-width wp-block-button__width-100 has-custom-font-size is-style-fill\" style=\"font-size:18px\"><a class=\"wp-block-button__link has-vivid-red-color has-text-color has-background\" href=\"https:\/\/youtu.be\/MenWH7YwYNQ\" style=\"background:linear-gradient(90deg,rgb(202,248,128) 0%,rgb(113,206,126) 100%)\" target=\"_blank\" rel=\"noreferrer noopener\"><strong>IF Baiano Campus Valen\u00e7a<\/strong><\/a><\/div>\n<\/div>\n<\/div><\/div>\n<\/div><\/div>\n<\/div>\n<\/div>\n","protected":false},"excerpt":{"rendered":"<p>O Instituto Federal Baiano &#8211; campus Valen\u00e7a realizar\u00e1 Audi\u00eancia P\u00fablica para apresentar os resultados do estudo de demanda para implanta\u00e7\u00e3o de curso T\u00e9cnico em Meio Ambiente modalidade Integrado. A transmiss\u00e3o ser\u00e1 hoje, 31, \u00e0s 19 horas, atrav\u00e9s do canal do YouTube IF Baiano Campus Valen\u00e7a. Transmiss\u00e3o no canal do YouTube:<\/p>\n","protected":false},"author":146,"featured_media":6548,"comment_status":"open","ping_status":"open","sticky":false,"template":"","format":"standard","meta":[],"categories":[34,63],"tags":[],"_links":{"self":[{"href":"https:\/\/www.ifbaiano.edu.br\/unidades\/valenca\/wp-json\/wp\/v2\/posts\/6530"}],"collection":[{"href":"https:\/\/www.ifbaiano.edu.br\/unidades\/valenca\/wp-json\/wp\/v2\/posts"}],"about":[{"href":"https:\/\/www.ifbaiano.edu.br\/unidades\/valenca\/wp-json\/wp\/v2\/types\/post"}],"author":[{"embeddable":true,"href":"https:\/\/www.ifbaiano.edu.br\/unidades\/valenca\/wp-json\/wp\/v2\/users\/146"}],"replies":[{"embeddable":true,"href":"https:\/\/www.ifbaiano.edu.br\/unidades\/valenca\/wp-json\/wp\/v2\/comments?post=6530"}],"version-history":[{"count":16,"href":"https:\/\/www.ifbaiano.edu.br\/unidades\/valenca\/wp-json\/wp\/v2\/posts\/6530\/revisions"}],"predecessor-version":[{"id":7900,"href":"https:\/\/www.ifbaiano.edu.br\/unidades\/valenca\/wp-json\/wp\/v2\/posts\/6530\/revisions\/7900"}],"wp:featuredmedia":[{"embeddable":true,"href":"https:\/\/www.ifbaiano.edu.br\/unidades\/valenca\/wp-json\/wp\/v2\/media\/6548"}],"wp:attachment":[{"href":"https:\/\/www.ifbaiano.edu.br\/unidades\/valenca\/wp-json\/wp\/v2\/media?parent=6530"}],"wp:term":[{"taxonomy":"category","embeddable":true,"href":"https:\/\/www.ifbaiano.edu.br\/unidades\/valenca\/wp-json\/wp\/v2\/categories?post=6530"},{"taxonomy":"post_tag","embeddable":true,"href":"https:\/\/www.ifbaiano.edu.br\/unidades\/valenca\/wp-json\/wp\/v2\/tags?post=6530"}],"curies":[{"name":"wp","href":"https:\/\/api.w.org\/{rel}","templated":true}]}}