{"id":6550,"date":"2021-09-03T15:43:22","date_gmt":"2021-09-03T18:43:22","guid":{"rendered":"https:\/\/www.ifbaiano.edu.br\/unidades\/valenca\/?p=6550"},"modified":"2021-09-03T15:43:23","modified_gmt":"2021-09-03T18:43:23","slug":"edital-de-retificacao-no-02-vagas-remanescentes-dos-cursos-integrados-2021","status":"publish","type":"post","link":"https:\/\/www.ifbaiano.edu.br\/unidades\/valenca\/2021\/09\/03\/edital-de-retificacao-no-02-vagas-remanescentes-dos-cursos-integrados-2021\/","title":{"rendered":"Edital de retifica\u00e7\u00e3o n\u00ba 02 &#8211; Vagas remanescentes dos cursos Integrados 2021"},"content":{"rendered":"\n<p>O Diretor Geral do Instituto Federal de Educa\u00e7\u00e3o, Ci\u00eancia e Tecnologia Baiano \u2013 IF Baiano, Campus Valen\u00e7a, Portaria n\u00ba 445 de 19\/03\/2018, Publicada no D.O.U. em 20\/03\/2018, de acordo com as disposi\u00e7\u00f5es da legisla\u00e7\u00e3o em vigor, no uso de suas atribui\u00e7\u00f5es legais, torna p\u00fablica a retifica\u00e7\u00e3o do <a rel=\"noreferrer noopener\" href=\"https:\/\/www.ifbaiano.edu.br\/unidades\/valenca\/files\/2021\/08\/Edital-No-02-Vagas-Remanescentes-Cursos-Integrados-Campus-Valenca.pdf\" data-type=\"URL\" data-id=\"https:\/\/www.ifbaiano.edu.br\/unidades\/valenca\/files\/2021\/08\/Edital-No-02-Vagas-Remanescentes-Cursos-Integrados-Campus-Valenca.pdf\" target=\"_blank\">Edital n\u00ba 02<\/a>, de 24 de agosto de 2021, referente \u00e0 abertura de inscri\u00e7\u00f5es para vagas remanescentes oriundas do processo de ingresso de estudantes em 2021, nos cursos da Educa\u00e7\u00e3o Profissional T\u00e9cnica de N\u00edvel M\u00e9dio, na <strong>forma Integrada<\/strong> ao Ensino M\u00e9dio &#8211; na modalidade presencial, para o Campus Valen\u00e7a.<\/p>\n\n\n\n<div class=\"wp-block-file\"><a href=\"https:\/\/www.ifbaiano.edu.br\/unidades\/valenca\/files\/2021\/09\/Edital-de-Retificacao-No-02-de-03-de-setembro-de-2021-Vagas-remanescentes-cursos-Integrados.pdf\"><strong>Edital de Retifica\u00e7\u00e3o N\u00ba 02 &#8211; Vagas remanescentes Cursos Integrados 2021<\/strong><\/a><a href=\"https:\/\/www.ifbaiano.edu.br\/unidades\/valenca\/files\/2021\/09\/Edital-de-Retificacao-No-02-de-03-de-setembro-de-2021-Vagas-remanescentes-cursos-Integrados.pdf\" class=\"wp-block-file__button\" download>Baixar<\/a><\/div>\n","protected":false},"excerpt":{"rendered":"<p>O Diretor Geral do Instituto Federal de Educa\u00e7\u00e3o, Ci\u00eancia e Tecnologia Baiano \u2013 IF Baiano, Campus Valen\u00e7a, Portaria n\u00ba 445 de 19\/03\/2018, Publicada no D.O.U. em 20\/03\/2018, de acordo com as disposi\u00e7\u00f5es da legisla\u00e7\u00e3o em vigor, no uso de suas atribui\u00e7\u00f5es legais, torna p\u00fablica a retifica\u00e7\u00e3o do Edital n\u00ba 02, de 24 de agosto de [&hellip;]<\/p>\n","protected":false},"author":146,"featured_media":0,"comment_status":"open","ping_status":"open","sticky":false,"template":"","format":"standard","meta":[],"categories":[4,13,35,63],"tags":[138,71,64],"_links":{"self":[{"href":"https:\/\/www.ifbaiano.edu.br\/unidades\/valenca\/wp-json\/wp\/v2\/posts\/6550"}],"collection":[{"href":"https:\/\/www.ifbaiano.edu.br\/unidades\/valenca\/wp-json\/wp\/v2\/posts"}],"about":[{"href":"https:\/\/www.ifbaiano.edu.br\/unidades\/valenca\/wp-json\/wp\/v2\/types\/post"}],"author":[{"embeddable":true,"href":"https:\/\/www.ifbaiano.edu.br\/unidades\/valenca\/wp-json\/wp\/v2\/users\/146"}],"replies":[{"embeddable":true,"href":"https:\/\/www.ifbaiano.edu.br\/unidades\/valenca\/wp-json\/wp\/v2\/comments?post=6550"}],"version-history":[{"count":6,"href":"https:\/\/www.ifbaiano.edu.br\/unidades\/valenca\/wp-json\/wp\/v2\/posts\/6550\/revisions"}],"predecessor-version":[{"id":6557,"href":"https:\/\/www.ifbaiano.edu.br\/unidades\/valenca\/wp-json\/wp\/v2\/posts\/6550\/revisions\/6557"}],"wp:attachment":[{"href":"https:\/\/www.ifbaiano.edu.br\/unidades\/valenca\/wp-json\/wp\/v2\/media?parent=6550"}],"wp:term":[{"taxonomy":"category","embeddable":true,"href":"https:\/\/www.ifbaiano.edu.br\/unidades\/valenca\/wp-json\/wp\/v2\/categories?post=6550"},{"taxonomy":"post_tag","embeddable":true,"href":"https:\/\/www.ifbaiano.edu.br\/unidades\/valenca\/wp-json\/wp\/v2\/tags?post=6550"}],"curies":[{"name":"wp","href":"https:\/\/api.w.org\/{rel}","templated":true}]}}