{"id":6561,"date":"2021-09-06T15:00:51","date_gmt":"2021-09-06T18:00:51","guid":{"rendered":"https:\/\/www.ifbaiano.edu.br\/unidades\/valenca\/?p=6561"},"modified":"2021-09-13T10:48:55","modified_gmt":"2021-09-13T13:48:55","slug":"semana-de-acolhimento-aos-estudantes-ano-letivo-2021","status":"publish","type":"post","link":"https:\/\/www.ifbaiano.edu.br\/unidades\/valenca\/2021\/09\/06\/semana-de-acolhimento-aos-estudantes-ano-letivo-2021\/","title":{"rendered":"Semana de Acolhimento aos Estudantes \u2013 Ano Letivo 2021"},"content":{"rendered":"\n<p>O Instituto Federal de Educa\u00e7\u00e3o Ci\u00eancia e Tecnologia Baiano \u2013 Campus Valen\u00e7a, atrav\u00e9s da Dire\u00e7\u00e3o Acad\u00eamica, informa que no per\u00edodo de 08 a 10 de setembro ser\u00e1 realizada a semana de acolhimento aos estudantes Ano Letivo &#8211; 2021.  <\/p>\n\n\n\n<p>Confira a programa\u00e7\u00e3o&nbsp;e participe! <br>A transmiss\u00e3o ser\u00e1 pelo canal do YouTube <a rel=\"noreferrer noopener\" href=\"https:\/\/www.youtube.com\/channel\/UC81IOTJwIffyKvJzwLGZ4eQ\" target=\"_blank\"><strong>IFBAIANO VALEN\u00c7A<\/strong><\/a>.<\/p>\n\n\n\n<figure class=\"wp-block-gallery columns-1 is-cropped wp-block-gallery-1 is-layout-flex\"><ul class=\"blocks-gallery-grid\"><li class=\"blocks-gallery-item\"><figure><img decoding=\"async\" loading=\"lazy\" width=\"2482\" height=\"3510\" src=\"https:\/\/www.ifbaiano.edu.br\/unidades\/valenca\/files\/2021\/09\/0001-1.jpg\" alt=\"\" data-id=\"6563\" class=\"wp-image-6563\" \/><\/figure><\/li><\/ul><\/figure>\n\n\n\n<div class=\"wp-block-group has-white-background-color has-background is-layout-flow\"><div class=\"wp-block-group__inner-container\">\n<div class=\"wp-block-columns is-layout-flex wp-container-5\">\n<div class=\"wp-block-column is-layout-flow\">\n<p class=\"has-normal-font-size\"><strong>1\u00ba dia (08\/09\/21)<\/strong><\/p>\n\n\n\n<p class=\"has-small-font-size\">Link do youtube: <a href=\"https:\/\/www.youtube.com\/watch?v=4gLjf2VP9w4\" target=\"_blank\" rel=\"noreferrer noopener\">https:\/\/www.youtube.com\/watch?v=4gLjf2VP9w4<\/a><\/p>\n\n\n\n<figure class=\"wp-block-embed is-type-video is-provider-youtube wp-block-embed-youtube wp-embed-aspect-16-9 wp-has-aspect-ratio\"><div class=\"wp-block-embed__wrapper\">\n<iframe loading=\"lazy\" title=\"SEMANA DE ACOLHIMENTO AOS ESTUDANTES ANO LETIVO 2021 (1\u00ba DIA) | IF BAIANO - CAMPUS VALEN\u00c7A\" width=\"500\" height=\"281\" src=\"https:\/\/www.youtube.com\/embed\/4gLjf2VP9w4?feature=oembed\" frameborder=\"0\" allow=\"accelerometer; autoplay; clipboard-write; encrypted-media; gyroscope; picture-in-picture\" allowfullscreen><\/iframe>\n<\/div><\/figure>\n\n\n\n<p><strong>3\u00ba dia (10\/09\/21)<\/strong><\/p>\n\n\n\n<p class=\"has-small-font-size\">Link do youtube:\u00a0<a href=\"https:\/\/www.youtube.com\/watch?v=y4ITdb0H8OA\" target=\"_blank\" rel=\"noreferrer noopener\">https:\/\/www.youtube.com\/watch?v=y4ITdb0H8OA<\/a><\/p>\n\n\n\n<figure class=\"wp-block-embed is-type-video is-provider-youtube wp-block-embed-youtube wp-embed-aspect-16-9 wp-has-aspect-ratio\"><div class=\"wp-block-embed__wrapper\">\n<iframe loading=\"lazy\" title=\"SEMANA DE ACOLHIMENTO AOS ESTUDANTES ANO LETIVO 2021 (3\u00ba DIA) | IF BAIANO - CAMPUS VALEN\u00c7A\" width=\"500\" height=\"281\" src=\"https:\/\/www.youtube.com\/embed\/y4ITdb0H8OA?feature=oembed\" frameborder=\"0\" allow=\"accelerometer; autoplay; clipboard-write; encrypted-media; gyroscope; picture-in-picture\" allowfullscreen><\/iframe>\n<\/div><\/figure>\n<\/div>\n\n\n\n<div class=\"wp-block-column is-layout-flow\">\n<p><strong>2\u00ba dia (09\/09\/21)<\/strong><\/p>\n\n\n\n<p class=\"has-small-font-size\">Link do youtube:\u00a0<a href=\"https:\/\/www.youtube.com\/watch?v=mvCqk819Qho\" target=\"_blank\" rel=\"noreferrer noopener\">https:\/\/www.youtube.com\/watch?v=mvCqk819Qho<\/a><\/p>\n\n\n\n<figure class=\"wp-block-embed is-type-video is-provider-youtube wp-block-embed-youtube wp-embed-aspect-16-9 wp-has-aspect-ratio\"><div class=\"wp-block-embed__wrapper\">\n<iframe loading=\"lazy\" title=\"SEMANA DE ACOLHIMENTO AOS ESTUDANTES ANO LETIVO 2021 (2\u00ba DIA) | IF BAIANO - CAMPUS VALEN\u00c7A\" width=\"500\" height=\"281\" src=\"https:\/\/www.youtube.com\/embed\/mvCqk819Qho?feature=oembed\" frameborder=\"0\" allow=\"accelerometer; autoplay; clipboard-write; encrypted-media; gyroscope; picture-in-picture\" allowfullscreen><\/iframe>\n<\/div><\/figure>\n<\/div>\n<\/div>\n<\/div><\/div>\n","protected":false},"excerpt":{"rendered":"<p>O Instituto Federal de Educa\u00e7\u00e3o Ci\u00eancia e Tecnologia Baiano \u2013 Campus Valen\u00e7a, atrav\u00e9s da Dire\u00e7\u00e3o Acad\u00eamica, informa que no per\u00edodo de 08 a 10 de setembro ser\u00e1 realizada a semana de acolhimento aos estudantes Ano Letivo &#8211; 2021. Confira a programa\u00e7\u00e3o&nbsp;e participe! A transmiss\u00e3o ser\u00e1 pelo canal do YouTube IFBAIANO VALEN\u00c7A. 1\u00ba dia (08\/09\/21) Link [&hellip;]<\/p>\n","protected":false},"author":146,"featured_media":6569,"comment_status":"open","ping_status":"open","sticky":false,"template":"","format":"standard","meta":[],"categories":[13,5,36,63],"tags":[64,124],"_links":{"self":[{"href":"https:\/\/www.ifbaiano.edu.br\/unidades\/valenca\/wp-json\/wp\/v2\/posts\/6561"}],"collection":[{"href":"https:\/\/www.ifbaiano.edu.br\/unidades\/valenca\/wp-json\/wp\/v2\/posts"}],"about":[{"href":"https:\/\/www.ifbaiano.edu.br\/unidades\/valenca\/wp-json\/wp\/v2\/types\/post"}],"author":[{"embeddable":true,"href":"https:\/\/www.ifbaiano.edu.br\/unidades\/valenca\/wp-json\/wp\/v2\/users\/146"}],"replies":[{"embeddable":true,"href":"https:\/\/www.ifbaiano.edu.br\/unidades\/valenca\/wp-json\/wp\/v2\/comments?post=6561"}],"version-history":[{"count":8,"href":"https:\/\/www.ifbaiano.edu.br\/unidades\/valenca\/wp-json\/wp\/v2\/posts\/6561\/revisions"}],"predecessor-version":[{"id":6604,"href":"https:\/\/www.ifbaiano.edu.br\/unidades\/valenca\/wp-json\/wp\/v2\/posts\/6561\/revisions\/6604"}],"wp:featuredmedia":[{"embeddable":true,"href":"https:\/\/www.ifbaiano.edu.br\/unidades\/valenca\/wp-json\/wp\/v2\/media\/6569"}],"wp:attachment":[{"href":"https:\/\/www.ifbaiano.edu.br\/unidades\/valenca\/wp-json\/wp\/v2\/media?parent=6561"}],"wp:term":[{"taxonomy":"category","embeddable":true,"href":"https:\/\/www.ifbaiano.edu.br\/unidades\/valenca\/wp-json\/wp\/v2\/categories?post=6561"},{"taxonomy":"post_tag","embeddable":true,"href":"https:\/\/www.ifbaiano.edu.br\/unidades\/valenca\/wp-json\/wp\/v2\/tags?post=6561"}],"curies":[{"name":"wp","href":"https:\/\/api.w.org\/{rel}","templated":true}]}}