{"id":6702,"date":"2021-09-28T18:21:39","date_gmt":"2021-09-28T21:21:39","guid":{"rendered":"https:\/\/www.ifbaiano.edu.br\/unidades\/valenca\/?p=6702"},"modified":"2021-10-04T09:13:01","modified_gmt":"2021-10-04T12:13:01","slug":"campus-valenca-abre-inscricoes-para-vagas-remanescentes-em-cursos-de-ensino-medio-subsequente-ead","status":"publish","type":"post","link":"https:\/\/www.ifbaiano.edu.br\/unidades\/valenca\/2021\/09\/28\/campus-valenca-abre-inscricoes-para-vagas-remanescentes-em-cursos-de-ensino-medio-subsequente-ead\/","title":{"rendered":"Campus Valen\u00e7a abre inscri\u00e7\u00f5es para vagas Remanescentes em cursos de Ensino M\u00e9dio \u2013 Subsequente EaD"},"content":{"rendered":"\n<p>O Instituto Federal de Educa\u00e7\u00e3o, Ci\u00eancia e Tecnologia Baiano \u2013 IF Baiano, Campus Valen\u00e7a, torna p\u00fablica a abertura de inscri\u00e7\u00f5es para vagas remanescentes oriundas do processo de ingresso de estudantes em 2021, nos cursos da Educa\u00e7\u00e3o Profissional T\u00e9cnica de N\u00edvel M\u00e9dio, na forma Subsequente ao Ensino M\u00e9dio &#8211; na modalidade EaD, por meio de Manifesta\u00e7\u00e3o online de Interesse na Vaga, atrav\u00e9s de Edital de fluxo cont\u00ednuo. <\/p>\n\n\n\n<hr class=\"wp-block-separator is-style-wide\" \/>\n\n\n\n<p><strong>Vagas <\/strong><\/p>\n\n\n\n<p>Campus Valen\u00e7a: 39 vagas para o curso&nbsp;Vendas&nbsp;e 15 vagas para o curso&nbsp;Secretariado Escolar.<\/p>\n\n\n\n<p>Polo Nazar\u00e9: 40 vagas para o curso&nbsp;Vendas&nbsp;e 32 vagas para o curso&nbsp;Secretariado Escolar.<\/p>\n\n\n\n<hr class=\"wp-block-separator is-style-wide\" \/>\n\n\n\n<p><strong>Sele\u00e7\u00e3o<\/strong><\/p>\n\n\n\n<p>A sele\u00e7\u00e3o ser\u00e1 realizada EXCLUSIVAMENTE de forma eletr\u00f4nica, mediante manifesta\u00e7\u00e3o on-line<br>de interesse na vaga, por meio de preenchimento e envio do formul\u00e1rio dispon\u00edvel em<br>(<a href=\"https:\/\/opinanovo.ifbaiano.edu.br\/index.php\/683381?lang=pt-BR\">https:\/\/opinanovo.ifbaiano.edu.br\/index.php\/683381?lang=pt-BR<\/a>), e encaminhamento, junto com a<br>documenta\u00e7\u00e3o de matr\u00edcula, para o e-mail <a rel=\"noreferrer noopener\" href=\"mailto:ead.valenca@alunos.ifbaiano.edu.br\" target=\"_blank\">ead.valenca@alunos.ifbaiano.edu.br<\/a>.<\/p>\n\n\n\n<p><br><\/p>\n\n\n\n<div class=\"wp-block-columns are-vertically-aligned-center is-layout-flex wp-container-4\">\n<div class=\"wp-block-column is-layout-flow\">\n<p class=\"has-text-align-left\"><strong>Manifesta\u00e7\u00e3o de Interesse &#8211; Cursos EAD &#8211; Campus Valen\u00e7a<\/strong><\/p>\n<\/div>\n\n\n\n<div class=\"wp-block-column is-layout-flow\">\n<div class=\"wp-block-buttons is-layout-flex\">\n<div class=\"wp-block-button is-style-outline\"><a class=\"wp-block-button__link has-black-color has-electric-grass-gradient-background has-text-color has-background\" href=\"https:\/\/opinanovo.ifbaiano.edu.br\/index.php\/683381?lang=pt-BR\" style=\"border-radius:19px\"><strong>Formul\u00e1rio de inscri\u00e7\u00e3o<\/strong><\/a><\/div>\n<\/div>\n<\/div>\n<\/div>\n\n\n\n<p><br>D\u00favidas sobre o processo dever\u00e3o ser encaminhadas para o e-mail <a rel=\"noreferrer noopener\" href=\"mailto:ead.valenca@alunos.ifbaiano.edu.br\" target=\"_blank\">ead.valenca@alunos.ifbaiano.edu.br<\/a>.<\/p>\n\n\n\n<hr class=\"wp-block-separator is-style-wide\" \/>\n\n\n\n<p><strong>Editais e Documentos<\/strong><\/p>\n\n\n\n<div class=\"wp-block-file\"><a href=\"https:\/\/www.ifbaiano.edu.br\/unidades\/valenca\/files\/2021\/10\/Edital-de-Retificacao-No-4-Vagas-remanescentes-EaD.pdf\"><strong>Edital de Retifica\u00e7\u00e3o n\u00ba 4 &#8211; Vagas remanescentes<\/strong> <strong>EaD<\/strong><br><\/a><\/div>\n\n\n\n<p><a href=\"https:\/\/opinanovo.ifbaiano.edu.br\/index.php\/683381?lang=pt-BR\" data-type=\"URL\" data-id=\"https:\/\/opinanovo.ifbaiano.edu.br\/index.php\/683381?lang=pt-BR\"><strong>Formul\u00e1rio de Manifesta\u00e7\u00e3o de Interesse<\/strong><\/a><\/p>\n\n\n\n<div class=\"wp-block-file\"><a href=\"https:\/\/www.ifbaiano.edu.br\/unidades\/valenca\/files\/2021\/09\/QUADRO-DE-VAGAS-REMANESCENTES.pdf\"><strong>Quadro de vagas remanescentes<\/strong><\/a><\/div>\n\n\n\n<div class=\"wp-block-file\"><a href=\"https:\/\/www.ifbaiano.edu.br\/unidades\/valenca\/files\/2021\/09\/Edital-04-Vagas-Remanescentes-em-cursos-de-Ensino-Medio-\u2013-Subsequente-EaD.pdf\"><strong>Edital n\u00ba 04 &#8211; Vagas Remanescentes<\/strong><\/a><\/div>\n","protected":false},"excerpt":{"rendered":"<p>O Instituto Federal de Educa\u00e7\u00e3o, Ci\u00eancia e Tecnologia Baiano \u2013 IF Baiano, Campus Valen\u00e7a, torna p\u00fablica a abertura de inscri\u00e7\u00f5es para vagas remanescentes oriundas do processo de ingresso de estudantes em 2021, nos cursos da Educa\u00e7\u00e3o Profissional T\u00e9cnica de N\u00edvel M\u00e9dio, na forma Subsequente ao Ensino M\u00e9dio &#8211; na modalidade EaD, por meio de Manifesta\u00e7\u00e3o [&hellip;]<\/p>\n","protected":false},"author":146,"featured_media":6718,"comment_status":"open","ping_status":"open","sticky":false,"template":"","format":"standard","meta":[],"categories":[60,13,5,44,35,61,36,9,32,63],"tags":[138,145,81,80,117],"_links":{"self":[{"href":"https:\/\/www.ifbaiano.edu.br\/unidades\/valenca\/wp-json\/wp\/v2\/posts\/6702"}],"collection":[{"href":"https:\/\/www.ifbaiano.edu.br\/unidades\/valenca\/wp-json\/wp\/v2\/posts"}],"about":[{"href":"https:\/\/www.ifbaiano.edu.br\/unidades\/valenca\/wp-json\/wp\/v2\/types\/post"}],"author":[{"embeddable":true,"href":"https:\/\/www.ifbaiano.edu.br\/unidades\/valenca\/wp-json\/wp\/v2\/users\/146"}],"replies":[{"embeddable":true,"href":"https:\/\/www.ifbaiano.edu.br\/unidades\/valenca\/wp-json\/wp\/v2\/comments?post=6702"}],"version-history":[{"count":17,"href":"https:\/\/www.ifbaiano.edu.br\/unidades\/valenca\/wp-json\/wp\/v2\/posts\/6702\/revisions"}],"predecessor-version":[{"id":6809,"href":"https:\/\/www.ifbaiano.edu.br\/unidades\/valenca\/wp-json\/wp\/v2\/posts\/6702\/revisions\/6809"}],"wp:featuredmedia":[{"embeddable":true,"href":"https:\/\/www.ifbaiano.edu.br\/unidades\/valenca\/wp-json\/wp\/v2\/media\/6718"}],"wp:attachment":[{"href":"https:\/\/www.ifbaiano.edu.br\/unidades\/valenca\/wp-json\/wp\/v2\/media?parent=6702"}],"wp:term":[{"taxonomy":"category","embeddable":true,"href":"https:\/\/www.ifbaiano.edu.br\/unidades\/valenca\/wp-json\/wp\/v2\/categories?post=6702"},{"taxonomy":"post_tag","embeddable":true,"href":"https:\/\/www.ifbaiano.edu.br\/unidades\/valenca\/wp-json\/wp\/v2\/tags?post=6702"}],"curies":[{"name":"wp","href":"https:\/\/api.w.org\/{rel}","templated":true}]}}