{"id":6726,"date":"2021-09-30T12:23:58","date_gmt":"2021-09-30T15:23:58","guid":{"rendered":"https:\/\/www.ifbaiano.edu.br\/unidades\/valenca\/?p=6726"},"modified":"2021-09-30T12:34:18","modified_gmt":"2021-09-30T15:34:18","slug":"nota-informativa-cursos-tecnicos-integrados","status":"publish","type":"post","link":"https:\/\/www.ifbaiano.edu.br\/unidades\/valenca\/2021\/09\/30\/nota-informativa-cursos-tecnicos-integrados\/","title":{"rendered":"Nota Informativa &#8211; Cursos T\u00e9cnicos Integrados"},"content":{"rendered":"\n<p>O Diretor Acad\u00eamico do IF Baiano &#8211; Campus Valen\u00e7a emitiu uma nota informativa comunicando o encerramento de manifesta\u00e7\u00e3o de interesse em matr\u00edcula para os Cursos T\u00e9cnicos Integrados em Agropecu\u00e1ria e em Agroecologia. <\/p>\n\n\n\n<p>Acesse: <strong><a href=\"https:\/\/www.ifbaiano.edu.br\/unidades\/valenca\/files\/2021\/09\/Nota-Informativa-encerramento-de-manifestacao-de-interesse-em-matricula-nos-Cursos-Integrados.pdf\" data-type=\"URL\" data-id=\"https:\/\/www.ifbaiano.edu.br\/unidades\/valenca\/files\/2021\/09\/Nota-Informativa-encerramento-de-manifestacao-de-interesse-em-matricula-nos-Cursos-Integrados.pdf\">Nota Informativa<\/a><\/strong><\/p>\n","protected":false},"excerpt":{"rendered":"<p>O Diretor Acad\u00eamico do IF Baiano &#8211; Campus Valen\u00e7a emitiu uma nota informativa comunicando o encerramento de manifesta\u00e7\u00e3o de interesse em matr\u00edcula para os Cursos T\u00e9cnicos Integrados em Agropecu\u00e1ria e em Agroecologia. Acesse: Nota Informativa<\/p>\n","protected":false},"author":146,"featured_media":0,"comment_status":"open","ping_status":"open","sticky":false,"template":"","format":"standard","meta":[],"categories":[4,13,6,36,9,63],"tags":[],"_links":{"self":[{"href":"https:\/\/www.ifbaiano.edu.br\/unidades\/valenca\/wp-json\/wp\/v2\/posts\/6726"}],"collection":[{"href":"https:\/\/www.ifbaiano.edu.br\/unidades\/valenca\/wp-json\/wp\/v2\/posts"}],"about":[{"href":"https:\/\/www.ifbaiano.edu.br\/unidades\/valenca\/wp-json\/wp\/v2\/types\/post"}],"author":[{"embeddable":true,"href":"https:\/\/www.ifbaiano.edu.br\/unidades\/valenca\/wp-json\/wp\/v2\/users\/146"}],"replies":[{"embeddable":true,"href":"https:\/\/www.ifbaiano.edu.br\/unidades\/valenca\/wp-json\/wp\/v2\/comments?post=6726"}],"version-history":[{"count":13,"href":"https:\/\/www.ifbaiano.edu.br\/unidades\/valenca\/wp-json\/wp\/v2\/posts\/6726\/revisions"}],"predecessor-version":[{"id":6741,"href":"https:\/\/www.ifbaiano.edu.br\/unidades\/valenca\/wp-json\/wp\/v2\/posts\/6726\/revisions\/6741"}],"wp:attachment":[{"href":"https:\/\/www.ifbaiano.edu.br\/unidades\/valenca\/wp-json\/wp\/v2\/media?parent=6726"}],"wp:term":[{"taxonomy":"category","embeddable":true,"href":"https:\/\/www.ifbaiano.edu.br\/unidades\/valenca\/wp-json\/wp\/v2\/categories?post=6726"},{"taxonomy":"post_tag","embeddable":true,"href":"https:\/\/www.ifbaiano.edu.br\/unidades\/valenca\/wp-json\/wp\/v2\/tags?post=6726"}],"curies":[{"name":"wp","href":"https:\/\/api.w.org\/{rel}","templated":true}]}}