{"id":6936,"date":"2021-10-18T15:06:56","date_gmt":"2021-10-18T18:06:56","guid":{"rendered":"https:\/\/www.ifbaiano.edu.br\/unidades\/valenca\/?p=6936"},"modified":"2021-10-25T15:14:07","modified_gmt":"2021-10-25T18:14:07","slug":"semana-de-acolhimento-aos-estudantes-dos-cursos-ead","status":"publish","type":"post","link":"https:\/\/www.ifbaiano.edu.br\/unidades\/valenca\/2021\/10\/18\/semana-de-acolhimento-aos-estudantes-dos-cursos-ead\/","title":{"rendered":"Semana de Acolhimento aos estudantes dos cursos EaD"},"content":{"rendered":"\n<p>O Instituto Federal de Educa\u00e7\u00e3o Ci\u00eancia e Tecnologia Baiano \u2013 Campus Valen\u00e7a, atrav\u00e9s da Diretoria de Educa\u00e7\u00e3o a Dist\u00e2ncia \u2013 DEaD, informa que no per\u00edodo de 18 a 22 de outubro de 2021 ser\u00e1 realizada a semana de acolhimento aos estudantes dos cursos EaD. <\/p>\n\n\n\n<p>Confira a programa\u00e7\u00e3o&nbsp;e participe!<\/p>\n\n\n\n<p>A transmiss\u00e3o ser\u00e1 pelo canal da DEaD no YouTube: <a href=\"https:\/\/www.youtube.com\/channel\/UCfYPguEpY-wvM1RJ5tSbeGw\/featured\" data-type=\"URL\" data-id=\"https:\/\/www.youtube.com\/channel\/UCfYPguEpY-wvM1RJ5tSbeGw\/featured\"><strong>EaD IF BAIANO<\/strong><\/a><\/p>\n\n\n\n<figure class=\"wp-block-image size-full is-resized is-style-default\"><a href=\"https:\/\/www.youtube.com\/channel\/UCfYPguEpY-wvM1RJ5tSbeGw\/featured\"><img decoding=\"async\" loading=\"lazy\" src=\"https:\/\/www.ifbaiano.edu.br\/unidades\/valenca\/files\/2021\/10\/SEMANADEACOLHIMENTOEAD.jpeg\" alt=\"\" class=\"wp-image-6937\" width=\"840\" height=\"840\" \/><\/a><\/figure>\n\n\n\n<div class=\"wp-block-columns is-layout-flex wp-container-4\">\n<div class=\"wp-block-column is-layout-flow\">\n<p> <strong>1\u00ba dia &#8211; 18\/10\/2021 (Segunda)<\/strong><br><a href=\"https:\/\/youtu.be\/NCxkgx0z0XE\">https:\/\/youtu.be\/NCxkgx0z0XE<\/a> <\/p>\n<\/div>\n\n\n\n<div class=\"wp-block-column is-layout-flow\">\n<p><strong>2\u00ba dia &#8211; 19\/10\/2021 (Ter\u00e7a)<\/strong><br><a href=\"https:\/\/youtu.be\/vQLlRCkbQ9s\">https:\/\/youtu.be\/vQLlRCkbQ9s<\/a><\/p>\n<\/div>\n\n\n\n<div class=\"wp-block-column is-layout-flow\">\n<p><strong>3\u00ba dia &#8211; 20\/10\/2021 (Quarta)<\/strong><br><a href=\"https:\/\/youtu.be\/kXk12Lqmal0\">https:\/\/youtu.be\/kXk12Lqmal0<\/a><\/p>\n<\/div>\n<\/div>\n\n\n\n<div class=\"wp-block-columns is-layout-flex wp-container-8\">\n<div class=\"wp-block-column is-layout-flow\">\n<p><strong>4\u00ba dia &#8211; 21\/10\/2021 (Quinta)<\/strong><br><a href=\"https:\/\/youtu.be\/SUp3zJkaSfM\">https:\/\/youtu.be\/SUp3zJkaSfM<\/a><\/p>\n<\/div>\n\n\n\n<div class=\"wp-block-column is-layout-flow\">\n<p><strong>5\u00ba dia &#8211; 22\/10\/2021 (Sexta)<\/strong><br><a href=\"https:\/\/youtu.be\/4hli7NvSUT0\">https:\/\/youtu.be\/4hli7NvSUT0<\/a><\/p>\n<\/div>\n\n\n\n<div class=\"wp-block-column is-layout-flow\"><\/div>\n<\/div>\n","protected":false},"excerpt":{"rendered":"<p>O Instituto Federal de Educa\u00e7\u00e3o Ci\u00eancia e Tecnologia Baiano \u2013 Campus Valen\u00e7a, atrav\u00e9s da Diretoria de Educa\u00e7\u00e3o a Dist\u00e2ncia \u2013 DEaD, informa que no per\u00edodo de 18 a 22 de outubro de 2021 ser\u00e1 realizada a semana de acolhimento aos estudantes dos cursos EaD. Confira a programa\u00e7\u00e3o&nbsp;e participe! A transmiss\u00e3o ser\u00e1 pelo canal da DEaD [&hellip;]<\/p>\n","protected":false},"author":146,"featured_media":6940,"comment_status":"open","ping_status":"open","sticky":false,"template":"","format":"standard","meta":[],"categories":[4,5,44,36,63],"tags":[145,64,81,124],"_links":{"self":[{"href":"https:\/\/www.ifbaiano.edu.br\/unidades\/valenca\/wp-json\/wp\/v2\/posts\/6936"}],"collection":[{"href":"https:\/\/www.ifbaiano.edu.br\/unidades\/valenca\/wp-json\/wp\/v2\/posts"}],"about":[{"href":"https:\/\/www.ifbaiano.edu.br\/unidades\/valenca\/wp-json\/wp\/v2\/types\/post"}],"author":[{"embeddable":true,"href":"https:\/\/www.ifbaiano.edu.br\/unidades\/valenca\/wp-json\/wp\/v2\/users\/146"}],"replies":[{"embeddable":true,"href":"https:\/\/www.ifbaiano.edu.br\/unidades\/valenca\/wp-json\/wp\/v2\/comments?post=6936"}],"version-history":[{"count":10,"href":"https:\/\/www.ifbaiano.edu.br\/unidades\/valenca\/wp-json\/wp\/v2\/posts\/6936\/revisions"}],"predecessor-version":[{"id":6960,"href":"https:\/\/www.ifbaiano.edu.br\/unidades\/valenca\/wp-json\/wp\/v2\/posts\/6936\/revisions\/6960"}],"wp:featuredmedia":[{"embeddable":true,"href":"https:\/\/www.ifbaiano.edu.br\/unidades\/valenca\/wp-json\/wp\/v2\/media\/6940"}],"wp:attachment":[{"href":"https:\/\/www.ifbaiano.edu.br\/unidades\/valenca\/wp-json\/wp\/v2\/media?parent=6936"}],"wp:term":[{"taxonomy":"category","embeddable":true,"href":"https:\/\/www.ifbaiano.edu.br\/unidades\/valenca\/wp-json\/wp\/v2\/categories?post=6936"},{"taxonomy":"post_tag","embeddable":true,"href":"https:\/\/www.ifbaiano.edu.br\/unidades\/valenca\/wp-json\/wp\/v2\/tags?post=6936"}],"curies":[{"name":"wp","href":"https:\/\/api.w.org\/{rel}","templated":true}]}}