{"id":6964,"date":"2021-10-27T18:02:32","date_gmt":"2021-10-27T21:02:32","guid":{"rendered":"https:\/\/www.ifbaiano.edu.br\/unidades\/valenca\/?p=6964"},"modified":"2022-11-03T14:48:15","modified_gmt":"2022-11-03T17:48:15","slug":"edital-no-02-2021-auxilio-inclusao-digital-emergencial","status":"publish","type":"post","link":"https:\/\/www.ifbaiano.edu.br\/unidades\/valenca\/2021\/10\/27\/edital-no-02-2021-auxilio-inclusao-digital-emergencial\/","title":{"rendered":"Edital n\u00ba 02\/2021 &#8211; Aux\u00edlio Inclus\u00e3o Digital Emergencial"},"content":{"rendered":"\n<p>O DIRETOR DO INSTITUTO FEDERAL DE EDUCA\u00c7\u00c3O, CI\u00caNCIA E TECNOLOGIA BAIANO \u2013 IF BAIANO Campus Valen\u00e7a,  torna p\u00fablico o presente Edital que estabelece as normas e crit\u00e9rios para sele\u00e7\u00e3o de estudantes em vulnerabilidade socioecon\u00f4mica, de cursos presenciais e \u00e0 dist\u00e2ncia, com a finalidade de participa\u00e7\u00e3o nas a\u00e7\u00f5es de assist\u00eancia estudantil deste instituto, atrav\u00e9s da inclus\u00e3o digital promovida pela resolu\u00e7\u00e3o 89\/2020.<\/p>\n\n\n\n<p><strong><strong>Programa de Inclus\u00e3o Digital<\/strong><\/strong><\/p>\n\n\n\n<p>O programa de inclus\u00e3o digital contemplar\u00e1 os seguintes aux\u00edlios:<\/p>\n\n\n\n<p>\u2013&nbsp;Aux\u00edlio Pacote de Dados;<br>\u2013&nbsp;Aux\u00edlio Contrata\u00e7\u00e3o de Banda larga (wi-fi);<br>\u2013&nbsp;Aux\u00edlio Aquisi\u00e7\u00e3o e\/ou manuten\u00e7\u00e3o de Equipamentos;<\/p>\n\n\n\n<p><strong>Inscri\u00e7\u00e3o e Sele\u00e7\u00e3o<\/strong><\/p>\n\n\n\n<p>A sele\u00e7\u00e3o dos estudantes se dar\u00e1 atrav\u00e9s de an\u00e1lise de inser\u00e7\u00e3o no <a rel=\"noreferrer noopener\" href=\"https:\/\/meucadunico.cidadania.gov.br\/meu_cadunico\/\" target=\"_blank\" data-type=\"URL\" data-id=\"https:\/\/meucadunico.cidadania.gov.br\/meu_cadunico\/\">CAD\u00daNICO <\/a>do governo federal, seguindo os crit\u00e9rios estabelecido no Decreto 7234\/10. Acesso pelo link: <a rel=\"noreferrer noopener\" href=\"https:\/\/meucadunico.cidadania.gov.br\/meu_cadunico\/\" target=\"_blank\">https:\/\/meucadunico.cidadania.gov.br\/meu_cadunico\/<\/a><\/p>\n\n\n\n<figure class=\"wp-block-image size-full is-resized\"><a href=\"https:\/\/www.ifbaiano.edu.br\/unidades\/valenca\/files\/2021\/10\/Edital-no-02.2021-Programa-de-Inclusao-Digital.pdf\" target=\"_blank\" rel=\"noopener\"><img decoding=\"async\" loading=\"lazy\" src=\"https:\/\/www.ifbaiano.edu.br\/unidades\/valenca\/files\/2021\/10\/Auxilio-Inclusao-Digital-Emergencial-2021.jpeg\" alt=\"\" class=\"wp-image-6973\" width=\"840\" height=\"840\" \/><\/a><\/figure>\n\n\n\n<p>D\u00favidas e demais informa\u00e7\u00f5es devem ser enviadas para o e-mail<strong>: <\/strong>clae@valenca.ifbaiano.edu.br<br>Todas as informa\u00e7\u00f5es est\u00e3o dispon\u00edveis no edital abaixo:<\/p>\n\n\n\n<hr class=\"wp-block-separator is-style-wide\" \/>\n\n\n\n<p><strong>Editais e Documentos<\/strong><\/p>\n\n\n\n<div class=\"wp-block-file\"><a href=\"https:\/\/www.ifbaiano.edu.br\/unidades\/valenca\/files\/2021\/10\/Resultado-Final-Auxilio-de-Inclusao-Digital-2021-Segunda-Chamada.pdf\"><strong>Resultado Final \u2013 Segunda Chamada<\/strong><\/a><\/div>\n\n\n\n<div class=\"wp-block-file\"><a href=\"https:\/\/www.ifbaiano.edu.br\/unidades\/valenca\/files\/2021\/10\/Resultado-Preliminar-\u2013-Segunda-Chamada.pdf\"><strong>Resultado Preliminar \u2013 Segunda Chamada<\/strong><\/a><\/div>\n\n\n\n<div class=\"wp-block-file\"><a href=\"https:\/\/www.ifbaiano.edu.br\/unidades\/valenca\/files\/2021\/10\/Resultado-Auxilio-de-Inclusao-Digital-2021-Primeira-Chamada.pdf\"><strong>Resultado Final <strong>\u2013<\/strong> Primeira Chamada<\/strong><\/a><\/div>\n\n\n\n<div class=\"wp-block-file\"><a href=\"https:\/\/www.ifbaiano.edu.br\/unidades\/valenca\/files\/2021\/11\/Resultado-dos-pre-selecionados-Auxilio-de-inclusao-digital-2021.pdf\"><strong>Resultado Preliminar<\/strong> <strong><strong>\u2013<\/strong><\/strong> <strong>Primeira Chamada<\/strong><\/a><\/div>\n\n\n\n<div class=\"wp-block-file\"><a href=\"https:\/\/www.ifbaiano.edu.br\/unidades\/valenca\/files\/2021\/11\/Edital-no-02.2021-\u2013-Programa-de-Inclusao-Digital-Retificado.pdf\"><strong>Edital n\u00ba 02\/2021 \u2013 Retificado<\/strong><\/a><\/div>\n\n\n\n<div class=\"wp-block-file\"><a href=\"https:\/\/www.ifbaiano.edu.br\/unidades\/valenca\/files\/2021\/10\/Edital-no-02.2021-Programa-de-Inclusao-Digital.pdf\"><strong>Edital n\u00ba 02\/2021<\/strong><\/a><\/div>\n","protected":false},"excerpt":{"rendered":"<p>O DIRETOR DO INSTITUTO FEDERAL DE EDUCA\u00c7\u00c3O, CI\u00caNCIA E TECNOLOGIA BAIANO \u2013 IF BAIANO Campus Valen\u00e7a, torna p\u00fablico o presente Edital que estabelece as normas e crit\u00e9rios para sele\u00e7\u00e3o de estudantes em vulnerabilidade socioecon\u00f4mica, de cursos presenciais e \u00e0 dist\u00e2ncia, com a finalidade de participa\u00e7\u00e3o nas a\u00e7\u00f5es de assist\u00eancia estudantil deste instituto, atrav\u00e9s da inclus\u00e3o [&hellip;]<\/p>\n","protected":false},"author":146,"featured_media":6973,"comment_status":"open","ping_status":"open","sticky":false,"template":"","format":"standard","meta":[],"categories":[47,4,5,35,36,32,63],"tags":[148,146,71,64,147],"_links":{"self":[{"href":"https:\/\/www.ifbaiano.edu.br\/unidades\/valenca\/wp-json\/wp\/v2\/posts\/6964"}],"collection":[{"href":"https:\/\/www.ifbaiano.edu.br\/unidades\/valenca\/wp-json\/wp\/v2\/posts"}],"about":[{"href":"https:\/\/www.ifbaiano.edu.br\/unidades\/valenca\/wp-json\/wp\/v2\/types\/post"}],"author":[{"embeddable":true,"href":"https:\/\/www.ifbaiano.edu.br\/unidades\/valenca\/wp-json\/wp\/v2\/users\/146"}],"replies":[{"embeddable":true,"href":"https:\/\/www.ifbaiano.edu.br\/unidades\/valenca\/wp-json\/wp\/v2\/comments?post=6964"}],"version-history":[{"count":15,"href":"https:\/\/www.ifbaiano.edu.br\/unidades\/valenca\/wp-json\/wp\/v2\/posts\/6964\/revisions"}],"predecessor-version":[{"id":7107,"href":"https:\/\/www.ifbaiano.edu.br\/unidades\/valenca\/wp-json\/wp\/v2\/posts\/6964\/revisions\/7107"}],"wp:featuredmedia":[{"embeddable":true,"href":"https:\/\/www.ifbaiano.edu.br\/unidades\/valenca\/wp-json\/wp\/v2\/media\/6973"}],"wp:attachment":[{"href":"https:\/\/www.ifbaiano.edu.br\/unidades\/valenca\/wp-json\/wp\/v2\/media?parent=6964"}],"wp:term":[{"taxonomy":"category","embeddable":true,"href":"https:\/\/www.ifbaiano.edu.br\/unidades\/valenca\/wp-json\/wp\/v2\/categories?post=6964"},{"taxonomy":"post_tag","embeddable":true,"href":"https:\/\/www.ifbaiano.edu.br\/unidades\/valenca\/wp-json\/wp\/v2\/tags?post=6964"}],"curies":[{"name":"wp","href":"https:\/\/api.w.org\/{rel}","templated":true}]}}