{"id":6985,"date":"2021-11-08T20:19:10","date_gmt":"2021-11-08T23:19:10","guid":{"rendered":"https:\/\/www.ifbaiano.edu.br\/unidades\/valenca\/?p=6985"},"modified":"2021-12-01T09:56:55","modified_gmt":"2021-12-01T12:56:55","slug":"edital-no-05-processo-seletivo-de-monitores-de-ensino-dos-cursos-tecnicos-de-nivel-medio-e-de-graduacao","status":"publish","type":"post","link":"https:\/\/www.ifbaiano.edu.br\/unidades\/valenca\/2021\/11\/08\/edital-no-05-processo-seletivo-de-monitores-de-ensino-dos-cursos-tecnicos-de-nivel-medio-e-de-graduacao\/","title":{"rendered":"Edital n\u00ba 05 &#8211; Processo seletivo de monitores de ensino dos cursos T\u00e9cnicos de N\u00edvel M\u00e9dio e de Gradua\u00e7\u00e3o"},"content":{"rendered":"\n<p class=\"has-text-align-left\"><em>Inscri\u00e7\u00f5es dever\u00e3o ser feitas entre os dias 08 e 12 de novembro de 2021<\/em><\/p>\n\n\n\n<p>O INSTITUTO FEDERAL DE EDUCA\u00c7\u00c3O, CI\u00caNCIA E TECNOLOGIA BAIANO, CAMPUS VALEN\u00c7A, torna p\u00fablico o presente <a href=\"https:\/\/www.ifbaiano.edu.br\/unidades\/valenca\/files\/2021\/11\/Edital-no-05-Processo-seletivo-de-monitores.pdf\" data-type=\"URL\" data-id=\"https:\/\/www.ifbaiano.edu.br\/unidades\/valenca\/files\/2021\/11\/Edital-no-05-Processo-seletivo-de-monitores.pdf\">Edital<\/a> que estabelece as normas para sele\u00e7\u00e3o de monitores de ensino para os cursos da Educa\u00e7\u00e3o Profissional T\u00e9cnica de N\u00edvel M\u00e9dio e de Gradua\u00e7\u00e3o para o ano letivo 2021.<\/p>\n\n\n\n<p>S\u00e3o 05 (cinco) bolsas ao total, distribu\u00eddas da seguinte forma: 02 para os cursos Integrados (Biologia e Matem\u00e1tica), 01 para o Subsequente em Meio Ambiente (Ecologia Aplicada) e 02 bolsas para a Gradua\u00e7\u00e3o. Cada bolsa \u00e9 no valor de R$ 100,00 (cem reais) distribu\u00edda durante seis meses, podendo ser prorrogada por mais quatro. <\/p>\n\n\n\n<hr class=\"wp-block-separator is-style-wide\" \/>\n\n\n\n<p><strong><strong>INSCRI\u00c7\u00d5ES<\/strong><\/strong><\/p>\n\n\n\n<p>Poder\u00e3o inscrever-se estudantes com matr\u00edcula e frequ\u00eancia regular em cursos T\u00e9cnicos de N\u00edvel M\u00e9dio e de Gradua\u00e7\u00e3o do IF Baiano \u2013 Campus Valen\u00e7a, observados os pr\u00e9-requisitos para cada vaga disponibilizada, conforme itens 7 e 10 do <a href=\"https:\/\/www.ifbaiano.edu.br\/unidades\/valenca\/files\/2021\/11\/Edital-no-05-Processo-seletivo-de-monitores.pdf\" data-type=\"URL\" data-id=\"https:\/\/www.ifbaiano.edu.br\/unidades\/valenca\/files\/2021\/11\/Edital-no-05-Processo-seletivo-de-monitores.pdf\">Edital<\/a>. <\/p>\n\n\n\n<p>Para se inscrever, o(a) candidato (a) dever\u00e1 enviar para o e-mail <a href=\"mailto:monitoria@valenca.ifbaiano.edu.br\">monitoria@valenca.ifbaiano.edu.br<\/a> os seguintes documentos:<\/p>\n\n\n\n<p>I. Ficha de inscri\u00e7\u00e3o preenchida e assinada dispon\u00edvel neste edital (ANEXO I);<br>II. Declara\u00e7\u00e3o de n\u00e3o ac\u00famulo de bolsas (ANEXO II);<br>III. Declara\u00e7\u00e3o de disponibilidade de carga hor\u00e1ria para o exerc\u00edcio das atividades de monitoria (ANEXO III);<br>IV. C\u00f3pia de documento oficial com foto (frente e verso) e CPF.<\/p>\n\n\n\n<p><br>Outras informa\u00e7\u00f5es sobre o processo Seletivo para Monitores Bolsistas poder\u00e3o ser solicitadas atrav\u00e9s do e-mail: <strong><a href=\"mailto:monitoria@valenca.ifbaiano.edu.br\">monitoria@valenca.ifbaiano.edu.br<\/a> <\/strong><\/p>\n\n\n\n<hr class=\"wp-block-separator is-style-wide\" \/>\n\n\n\n<p><strong>EDITAIS E DOCUMENTOS<\/strong><\/p>\n\n\n\n<div class=\"wp-block-file\"><a href=\"https:\/\/www.ifbaiano.edu.br\/unidades\/valenca\/files\/2021\/11\/Resultado-Final-Monitoria-2021.pdf\"><strong>Resultado Final &#8211; Monitoria 2021<\/strong><\/a><\/div>\n\n\n\n<div class=\"wp-block-file\"><a href=\"https:\/\/www.ifbaiano.edu.br\/unidades\/valenca\/files\/2021\/11\/Resultado-Preliminar-de-Classificacao-Monitoria-2021.pdf\"><strong>Resultado Preliminar de Classifica\u00e7\u00e3o<\/strong><\/a><\/div>\n\n\n\n<div class=\"wp-block-file\"><a href=\"https:\/\/www.ifbaiano.edu.br\/unidades\/valenca\/files\/2021\/11\/Nota-sobre-o-Edital-no-05-\u2013-Monitoria-de-Ensino.pdf\"><strong>Nota sobre o Edital n\u00ba 05<\/strong><\/a><\/div>\n\n\n\n<div class=\"wp-block-file\"><a href=\"https:\/\/www.ifbaiano.edu.br\/unidades\/valenca\/files\/2021\/11\/Homologacao-das-Inscricoes-monitoria-2021.pdf\"><strong>Lista de Inscri\u00e7\u00f5es Homologadas<\/strong><\/a><\/div>\n\n\n\n<div class=\"wp-block-file\"><a href=\"https:\/\/www.ifbaiano.edu.br\/unidades\/valenca\/files\/2021\/11\/Edital-no-05-Processo-seletivo-de-monitores.pdf\"><strong>Edital n\u00ba 05<\/strong><\/a><\/div>\n","protected":false},"excerpt":{"rendered":"<p>Inscri\u00e7\u00f5es dever\u00e3o ser feitas entre os dias 08 e 12 de novembro de 2021 O INSTITUTO FEDERAL DE EDUCA\u00c7\u00c3O, CI\u00caNCIA E TECNOLOGIA BAIANO, CAMPUS VALEN\u00c7A, torna p\u00fablico o presente Edital que estabelece as normas para sele\u00e7\u00e3o de monitores de ensino para os cursos da Educa\u00e7\u00e3o Profissional T\u00e9cnica de N\u00edvel M\u00e9dio e de Gradua\u00e7\u00e3o para o [&hellip;]<\/p>\n","protected":false},"author":146,"featured_media":0,"comment_status":"open","ping_status":"open","sticky":false,"template":"","format":"standard","meta":[],"categories":[5,6,35,36,9,32,63],"tags":[71,64,80,149],"_links":{"self":[{"href":"https:\/\/www.ifbaiano.edu.br\/unidades\/valenca\/wp-json\/wp\/v2\/posts\/6985"}],"collection":[{"href":"https:\/\/www.ifbaiano.edu.br\/unidades\/valenca\/wp-json\/wp\/v2\/posts"}],"about":[{"href":"https:\/\/www.ifbaiano.edu.br\/unidades\/valenca\/wp-json\/wp\/v2\/types\/post"}],"author":[{"embeddable":true,"href":"https:\/\/www.ifbaiano.edu.br\/unidades\/valenca\/wp-json\/wp\/v2\/users\/146"}],"replies":[{"embeddable":true,"href":"https:\/\/www.ifbaiano.edu.br\/unidades\/valenca\/wp-json\/wp\/v2\/comments?post=6985"}],"version-history":[{"count":10,"href":"https:\/\/www.ifbaiano.edu.br\/unidades\/valenca\/wp-json\/wp\/v2\/posts\/6985\/revisions"}],"predecessor-version":[{"id":7087,"href":"https:\/\/www.ifbaiano.edu.br\/unidades\/valenca\/wp-json\/wp\/v2\/posts\/6985\/revisions\/7087"}],"wp:attachment":[{"href":"https:\/\/www.ifbaiano.edu.br\/unidades\/valenca\/wp-json\/wp\/v2\/media?parent=6985"}],"wp:term":[{"taxonomy":"category","embeddable":true,"href":"https:\/\/www.ifbaiano.edu.br\/unidades\/valenca\/wp-json\/wp\/v2\/categories?post=6985"},{"taxonomy":"post_tag","embeddable":true,"href":"https:\/\/www.ifbaiano.edu.br\/unidades\/valenca\/wp-json\/wp\/v2\/tags?post=6985"}],"curies":[{"name":"wp","href":"https:\/\/api.w.org\/{rel}","templated":true}]}}