{"id":6998,"date":"2021-11-17T10:57:50","date_gmt":"2021-11-17T13:57:50","guid":{"rendered":"https:\/\/www.ifbaiano.edu.br\/unidades\/valenca\/?p=6998"},"modified":"2022-11-03T14:49:18","modified_gmt":"2022-11-03T17:49:18","slug":"inscricoes-abertas-para-9o-seminario-trasiber-gastriber-y-iv-fetesc-participe","status":"publish","type":"post","link":"https:\/\/www.ifbaiano.edu.br\/unidades\/valenca\/2021\/11\/17\/inscricoes-abertas-para-9o-seminario-trasiber-gastriber-y-iv-fetesc-participe\/","title":{"rendered":"Inscri\u00e7\u00f5es abertas para 9o. Semin\u00e1rio TRASIBER-GASTRIBER y IV FETESC. Participe!"},"content":{"rendered":"\n<p><em>O evento acontece entre os dias 18 e 20 de novembro<\/em><\/p>\n\n\n\n<p>A Universidad Aut\u00f3noma de Chiapas (UNACH) &#8211; M\u00e9xico realizar\u00e1 em parceria com o&nbsp; Instituto Federal Baiano \u2013 IF Baiano, nos dias 18, 19 e&nbsp;20 de novembro, o&nbsp;<strong>9\u00ba Semin\u00e1rio TRASIBER-GASTRIBER y IV FETESC.<\/strong> As inscri\u00e7\u00f5es para o evento, gratuito e online, j\u00e1 est\u00e3o abertas e se estendem at\u00e9 o momento da abertura do semin\u00e1rio. <\/p>\n\n\n\n<p>Os interessados em participar do evento podem acessar a&nbsp;<a rel=\"noreferrer noopener\" href=\"https:\/\/es.surveymonkey.com\/r\/N2ZGWBJ\" target=\"_blank\" data-type=\"URL\" data-id=\"https:\/\/es.surveymonkey.com\/r\/N2ZGWBJ\"><strong>p\u00e1gina de inscri\u00e7\u00e3o<\/strong><\/a>&nbsp;e preencher o formul\u00e1rio online. Participantes inscritos antes do evento receber\u00e3o certificado. O Semin\u00e1rio ser\u00e1 transmitido atrav\u00e9s da plataforma <a href=\"https:\/\/us06web.zoom.us\/j\/88453768200?pwd=VERON01ZbHA2Ly9kQitLZEM3Ylc3UT09\"><strong>Zoom<\/strong><\/a> seguindo a programa\u00e7\u00e3o abaixo:<\/p>\n\n\n\n<p>A IV FETESC (dia&nbsp;18\/11\/21) est\u00e1 no hor\u00e1rio do Brasil, iniciar\u00e1 \u00e0s 9h; o TRASIBER (19\/11\/21) e GASTRIBER (20\/11\/21) est\u00e3o no hor\u00e1rio do M\u00e9xico, ent\u00e3o se na programa\u00e7\u00e3o o&nbsp;TRASIBER iniciar\u00e1 \u00e0s 8h de M\u00e9xico,&nbsp;ser\u00e1 11h de Brasil.<\/p>\n\n\n\n<hr class=\"wp-block-separator is-style-wide\" \/>\n\n\n\n<div class=\"wp-block-columns is-layout-flex wp-container-4\">\n<div class=\"wp-block-column is-layout-flow\">\n<p><strong><span style=\"text-align: justify;font-size: revert;color: initial\">A inscri\u00e7\u00e3o \u00e9 gratuita e dever\u00e1 ser realizada, exclusivamente, atrav\u00e9s do bot\u00e3o abaixo:<\/span> <\/strong><\/p>\n\n\n\n<p class=\"has-white-color has-text-color has-small-font-size\">.<\/p>\n\n\n\n<p class=\"has-white-color has-text-color\">.<\/p>\n\n\n\n<div class=\"wp-block-buttons is-layout-flex\">\n<div class=\"wp-block-button is-style-outline\"><a class=\"wp-block-button__link has-white-color has-text-color has-background\" href=\"https:\/\/es.surveymonkey.com\/r\/N2ZGWBJ\" style=\"background:linear-gradient(135deg,rgb(215,236,159) 0%,rgb(152,229,163) 100%)\" target=\"_blank\" rel=\"noreferrer noopener\">Formul\u00e1rio de inscri\u00e7\u00e3o<\/a><\/div>\n<\/div>\n<\/div>\n\n\n\n<div class=\"wp-block-column is-layout-flow\">\n<p class=\"has-text-align-left\"><strong>A transmiss\u00e3o ser\u00e1 atrav\u00e9s da plataforma Zoom. <br>Link de acesso dispon\u00edvel na imagem abaixo: <\/strong><\/p>\n\n\n\n<div class=\"wp-block-media-text alignwide is-stacked-on-mobile is-vertically-aligned-center\" style=\"grid-template-columns:58% auto\"><figure class=\"wp-block-media-text__media\"><a href=\"https:\/\/us06web.zoom.us\/j\/88453768200?pwd=VERON01ZbHA2Ly9kQitLZEM3Ylc3UT09\"><img decoding=\"async\" loading=\"lazy\" width=\"188\" height=\"215\" src=\"https:\/\/www.ifbaiano.edu.br\/unidades\/valenca\/files\/2021\/11\/zoom-1.png\" alt=\"\" class=\"wp-image-7017 size-full\" \/><\/a><\/figure><div class=\"wp-block-media-text__content\">\n<p><\/p>\n<\/div><\/div>\n<\/div>\n<\/div>\n\n\n\n<hr class=\"wp-block-separator is-style-wide\" \/>\n\n\n\n<p>Acesse <a href=\"https:\/\/www.ifbaiano.edu.br\/unidades\/valenca\/files\/2021\/11\/Programacao-TRASIBER-GASTRIBER-y-IV-FETESC.pdf\" data-type=\"URL\" data-id=\"https:\/\/www.ifbaiano.edu.br\/unidades\/valenca\/files\/2021\/11\/Programacao-TRASIBER-GASTRIBER-y-IV-FETESC.pdf\"><strong>aqui<\/strong><\/a> a programa\u00e7\u00e3o completa.<\/p>\n\n\n\n<div class=\"wp-block-file\"><a href=\"https:\/\/www.ifbaiano.edu.br\/unidades\/valenca\/files\/2021\/11\/Programacao-TRASIBER-GASTRIBER-y-IV-FETESC.pdf\"><strong>Programa\u00e7\u00e3o TRASIBER-GASTRIBER y IV FETESC<\/strong><\/a><a href=\"https:\/\/www.ifbaiano.edu.br\/unidades\/valenca\/files\/2021\/11\/Programacao-TRASIBER-GASTRIBER-y-IV-FETESC.pdf\" class=\"wp-block-file__button\" download>Baixar<\/a><\/div>\n","protected":false},"excerpt":{"rendered":"<p>O evento acontece entre os dias 18 e 20 de novembro A Universidad Aut\u00f3noma de Chiapas (UNACH) &#8211; M\u00e9xico realizar\u00e1 em parceria com o&nbsp; Instituto Federal Baiano \u2013 IF Baiano, nos dias 18, 19 e&nbsp;20 de novembro, o&nbsp;9\u00ba Semin\u00e1rio TRASIBER-GASTRIBER y IV FETESC. As inscri\u00e7\u00f5es para o evento, gratuito e online, j\u00e1 est\u00e3o abertas e [&hellip;]<\/p>\n","protected":false},"author":146,"featured_media":7043,"comment_status":"open","ping_status":"open","sticky":false,"template":"","format":"standard","meta":[],"categories":[4,5,34,36,63],"tags":[64,150],"_links":{"self":[{"href":"https:\/\/www.ifbaiano.edu.br\/unidades\/valenca\/wp-json\/wp\/v2\/posts\/6998"}],"collection":[{"href":"https:\/\/www.ifbaiano.edu.br\/unidades\/valenca\/wp-json\/wp\/v2\/posts"}],"about":[{"href":"https:\/\/www.ifbaiano.edu.br\/unidades\/valenca\/wp-json\/wp\/v2\/types\/post"}],"author":[{"embeddable":true,"href":"https:\/\/www.ifbaiano.edu.br\/unidades\/valenca\/wp-json\/wp\/v2\/users\/146"}],"replies":[{"embeddable":true,"href":"https:\/\/www.ifbaiano.edu.br\/unidades\/valenca\/wp-json\/wp\/v2\/comments?post=6998"}],"version-history":[{"count":34,"href":"https:\/\/www.ifbaiano.edu.br\/unidades\/valenca\/wp-json\/wp\/v2\/posts\/6998\/revisions"}],"predecessor-version":[{"id":7899,"href":"https:\/\/www.ifbaiano.edu.br\/unidades\/valenca\/wp-json\/wp\/v2\/posts\/6998\/revisions\/7899"}],"wp:featuredmedia":[{"embeddable":true,"href":"https:\/\/www.ifbaiano.edu.br\/unidades\/valenca\/wp-json\/wp\/v2\/media\/7043"}],"wp:attachment":[{"href":"https:\/\/www.ifbaiano.edu.br\/unidades\/valenca\/wp-json\/wp\/v2\/media?parent=6998"}],"wp:term":[{"taxonomy":"category","embeddable":true,"href":"https:\/\/www.ifbaiano.edu.br\/unidades\/valenca\/wp-json\/wp\/v2\/categories?post=6998"},{"taxonomy":"post_tag","embeddable":true,"href":"https:\/\/www.ifbaiano.edu.br\/unidades\/valenca\/wp-json\/wp\/v2\/tags?post=6998"}],"curies":[{"name":"wp","href":"https:\/\/api.w.org\/{rel}","templated":true}]}}