{"id":7092,"date":"2021-12-07T15:57:57","date_gmt":"2021-12-07T18:57:57","guid":{"rendered":"https:\/\/www.ifbaiano.edu.br\/unidades\/valenca\/?p=7092"},"modified":"2021-12-07T15:57:57","modified_gmt":"2021-12-07T18:57:57","slug":"if-baiano-ofertara-860-vagas-de-cursos-de-graduacao-pelo-sisu-em-2022","status":"publish","type":"post","link":"https:\/\/www.ifbaiano.edu.br\/unidades\/valenca\/2021\/12\/07\/if-baiano-ofertara-860-vagas-de-cursos-de-graduacao-pelo-sisu-em-2022\/","title":{"rendered":"IF Baiano ofertar\u00e1 860 vagas de cursos de gradua\u00e7\u00e3o pelo Sisu em 2022"},"content":{"rendered":"\n<p>As provas do Exame Nacional do Ensino M\u00e9dio (Enem) foram realizadas nos dias 21 e 28 de novembro, com resultado previsto para 11 de fevereiro de 2022, e os candidatos j\u00e1 devem estar planejando o curso e a institui\u00e7\u00e3o para os quais ir\u00e3o se candidatar. O IF Baiano \u00e9 uma das institui\u00e7\u00f5es com oferta de vagas pelo Sistema de Sele\u00e7\u00e3o Unificada (Sisu) e disponibilizar\u00e1 860 vagas em cursos de gradua\u00e7\u00e3o para ingresso em 2022.<\/p>\n\n\n\n<p>S\u00e3o 22 cursos, distribu\u00eddos em 10\u00a0<em>campi<\/em>\u00a0da institui\u00e7\u00e3o nas cidades de Itapetinga, Bom Jesus da Lapa, Catu, Guanambi, Santa In\u00eas, Senhor do Bonfim, Serrinha, Teixeira de Freitas, Uru\u00e7uca e Valen\u00e7a. S\u00e3o cursos de licenciatura, bacharelado e tecn\u00f3logo em diferentes \u00e1reas do conhecimento como a agr\u00edcola, computa\u00e7\u00e3o, alimentos, turismo.<\/p>\n\n\n\n<p>A institui\u00e7\u00e3o reserva 76,67% das vagas para pretos, pardos e ind\u00edgenas, o que equivale a 430 vagas, e 8,65 % para pessoas com defici\u00eancia, 42 vagas. Para acessar a lista de cursos e a documenta\u00e7\u00e3o necess\u00e1ria para a matr\u00edcula, basta verificar o <a href=\"https:\/\/concurso.ifbaiano.edu.br\/portal\/sisu2022-1\/wp-content\/uploads\/sites\/520\/2021\/11\/termo_adesao_14509_IFBAIANO-4.pdf\"><strong>Termo de Ades\u00e3o da institui\u00e7\u00e3o ao Sisu<\/strong><\/a>.<\/p>\n\n\n\n<hr class=\"wp-block-separator is-style-wide\" \/>\n\n\n\n<p><strong>Mat\u00e9ria ASCOM dispon\u00edvel em:<\/strong> https:\/\/ifbaiano.edu.br\/portal\/blog\/if-baiano-ofertara-860-de-cursos-de-graduacao-pelo-sisu-em-2022\/ <\/p>\n","protected":false},"excerpt":{"rendered":"<p>As provas do Exame Nacional do Ensino M\u00e9dio (Enem) foram realizadas nos dias 21 e 28 de novembro, com resultado previsto para 11 de fevereiro de 2022, e os candidatos j\u00e1 devem estar planejando o curso e a institui\u00e7\u00e3o para os quais ir\u00e3o se candidatar. O IF Baiano \u00e9 uma das institui\u00e7\u00f5es com oferta de [&hellip;]<\/p>\n","protected":false},"author":146,"featured_media":7097,"comment_status":"open","ping_status":"open","sticky":false,"template":"","format":"standard","meta":[],"categories":[60,12,5,48,61,36,63],"tags":[71,64,153,154,155],"_links":{"self":[{"href":"https:\/\/www.ifbaiano.edu.br\/unidades\/valenca\/wp-json\/wp\/v2\/posts\/7092"}],"collection":[{"href":"https:\/\/www.ifbaiano.edu.br\/unidades\/valenca\/wp-json\/wp\/v2\/posts"}],"about":[{"href":"https:\/\/www.ifbaiano.edu.br\/unidades\/valenca\/wp-json\/wp\/v2\/types\/post"}],"author":[{"embeddable":true,"href":"https:\/\/www.ifbaiano.edu.br\/unidades\/valenca\/wp-json\/wp\/v2\/users\/146"}],"replies":[{"embeddable":true,"href":"https:\/\/www.ifbaiano.edu.br\/unidades\/valenca\/wp-json\/wp\/v2\/comments?post=7092"}],"version-history":[{"count":5,"href":"https:\/\/www.ifbaiano.edu.br\/unidades\/valenca\/wp-json\/wp\/v2\/posts\/7092\/revisions"}],"predecessor-version":[{"id":7098,"href":"https:\/\/www.ifbaiano.edu.br\/unidades\/valenca\/wp-json\/wp\/v2\/posts\/7092\/revisions\/7098"}],"wp:featuredmedia":[{"embeddable":true,"href":"https:\/\/www.ifbaiano.edu.br\/unidades\/valenca\/wp-json\/wp\/v2\/media\/7097"}],"wp:attachment":[{"href":"https:\/\/www.ifbaiano.edu.br\/unidades\/valenca\/wp-json\/wp\/v2\/media?parent=7092"}],"wp:term":[{"taxonomy":"category","embeddable":true,"href":"https:\/\/www.ifbaiano.edu.br\/unidades\/valenca\/wp-json\/wp\/v2\/categories?post=7092"},{"taxonomy":"post_tag","embeddable":true,"href":"https:\/\/www.ifbaiano.edu.br\/unidades\/valenca\/wp-json\/wp\/v2\/tags?post=7092"}],"curies":[{"name":"wp","href":"https:\/\/api.w.org\/{rel}","templated":true}]}}