{"id":7117,"date":"2022-01-14T12:02:23","date_gmt":"2022-01-14T15:02:23","guid":{"rendered":"https:\/\/www.ifbaiano.edu.br\/unidades\/valenca\/?p=7117"},"modified":"2022-03-09T17:14:23","modified_gmt":"2022-03-09T20:14:23","slug":"inscricoes-abertas-para-vagas-remanescentes-em-cursos-tecnicos-na-forma-subsequente-ao-ensino-medio","status":"publish","type":"post","link":"https:\/\/www.ifbaiano.edu.br\/unidades\/valenca\/2022\/01\/14\/inscricoes-abertas-para-vagas-remanescentes-em-cursos-tecnicos-na-forma-subsequente-ao-ensino-medio\/","title":{"rendered":"Inscri\u00e7\u00f5es abertas para vagas remanescentes em cursos t\u00e9cnicos, na forma Subsequente ao Ensino M\u00e9dio"},"content":{"rendered":"\n<p><em>As inscri\u00e7\u00f5es foram prorrogadas at\u00e9 o dia 04 de mar\u00e7o. <strong><a href=\"https:\/\/opinanovo.ifbaiano.edu.br\/index.php\/523878?lang=pt-BR\" target=\"_blank\" rel=\"noreferrer noopener\">Inscreva-se aqui<\/a><\/strong>.<\/em><\/p>\n\n\n\n<hr class=\"wp-block-separator has-text-color has-background has-cyan-bluish-gray-background-color has-cyan-bluish-gray-color is-style-wide\" \/>\n\n\n\n<p>O Instituto Federal Baiano,&nbsp;<em>Campus<\/em> Valen\u00e7a, atrav\u00e9s do <a rel=\"noreferrer noopener\" href=\"https:\/\/www.ifbaiano.edu.br\/unidades\/valenca\/files\/2022\/01\/Edital-no-06-Vagas-remanescentes-em-cursos-tecnicos-na-forma-Subsequente-ao-Ensino-Medio.pdf\" data-type=\"URL\" data-id=\"https:\/\/www.ifbaiano.edu.br\/unidades\/valenca\/files\/2022\/01\/Edital-no-06-Vagas-remanescentes-em-cursos-tecnicos-na-forma-Subsequente-ao-Ensino-Medio.pdf\" target=\"_blank\">Edital n\u00ba 06<\/a>, de 14 de janeiro de 2022, torna p\u00fablica a abertura de inscri\u00e7\u00f5es para vagas remanescentes oriundas do processo de ingresso de estudantes em 2021, nos cursos da Educa\u00e7\u00e3o Profissional T\u00e9cnica de N\u00edvel M\u00e9dio, na forma Subsequente ao Ensino M\u00e9dio &#8211; na modalidade presencial, por meio de Manifesta\u00e7\u00e3o de Interesse na Vaga, atrav\u00e9s de Edital de fluxo cont\u00ednuo.<\/p>\n\n\n\n<p>S\u00e3o 30 vagas para o curso&nbsp;T\u00e9cnico em Meio Ambiente&nbsp;e 35 para o curso T\u00e9cnico em Agropecu\u00e1ria, da modalidade  subsequente ao ensino m\u00e9dio.<\/p>\n\n\n\n<p>Os cursos T\u00e9cnico de N\u00edvel M\u00e9dio na forma Subsequente em Meio Ambiente e T\u00e9cnico de N\u00edvel M\u00e9dio na forma Subsequente em Agropecu\u00e1ria na modalidade presencial s\u00e3o destinados aos(\u00e0s) candidatos(as) que j\u00e1 conclu\u00edram o Ensino M\u00e9dio.<\/p>\n\n\n\n<hr class=\"wp-block-separator has-text-color has-background has-cyan-bluish-gray-background-color has-cyan-bluish-gray-color is-style-wide\" \/>\n\n\n\n<p><strong>Sele\u00e7\u00e3o<\/strong><\/p>\n\n\n\n<p>A sele\u00e7\u00e3o ser\u00e1 realizada EXCLUSIVAMENTE de forma eletr\u00f4nica, mediante manifesta\u00e7\u00e3o on-line de interesse na vaga, por meio de preenchimento do <a href=\"https:\/\/opinanovo.ifbaiano.edu.br\/index.php\/523878?lang=pt-BR\" data-type=\"URL\" target=\"_blank\" rel=\"noreferrer noopener\">formul\u00e1rio de inscri\u00e7\u00e3o<\/a>, e encaminhamento, junto com a documenta\u00e7\u00e3o de matr\u00edcula.<\/p>\n\n\n\n<p>Para manifestar interesse nas vagas, os candidatos t\u00eam do dia 18 de janeiro de 2022, at\u00e9 as 12h do dia <s>18 de fevereiro<\/s> 04 de mar\u00e7o de 2022, para preencher o formul\u00e1rio de inscri\u00e7\u00e3o dispon\u00edvel em (<a href=\"https:\/\/opinanovo.ifbaiano.edu.br\/index.php\/523878?lang=pt-BR\" target=\"_blank\" rel=\"noreferrer noopener\">https:\/\/opinanovo.ifbaiano.edu.br\/index.php\/523878?lang=pt-BR<\/a>). Ap\u00f3s o preenchimento, \u00e9 necess\u00e1rio enviar a c\u00f3pia do formul\u00e1rio gerada pelo sistema, junto com a documenta\u00e7\u00e3o de matr\u00edcula, para o e-mail <strong>subsequente.valenca@alunos.ifbaiano.edu.br<\/strong>.<\/p>\n\n\n\n<div class=\"wp-block-columns is-layout-flex wp-container-3\">\n<div class=\"wp-block-column is-layout-flow\">\n<p>A inscri\u00e7\u00e3o \u00e9 gratuita e dever\u00e1 ser realizada,&nbsp;<strong>exclusivamente<\/strong>, atrav\u00e9s do link abaixo:<\/p>\n\n\n\n<div class=\"wp-block-buttons is-content-justification-left is-layout-flex\">\n<div class=\"wp-block-button is-style-fill\"><a class=\"wp-block-button__link has-white-color has-light-green-cyan-to-vivid-green-cyan-gradient-background has-text-color has-background\" href=\"https:\/\/opinanovo.ifbaiano.edu.br\/index.php\/523878?lang=pt-BR\" style=\"border-radius:27px\" target=\"_blank\" rel=\"noreferrer noopener\"><strong>Ficha de Inscri\u00e7\u00e3o Eletr\u00f4nica<\/strong><\/a><\/div>\n<\/div>\n<\/div>\n<\/div>\n\n\n\n<p>D\u00favidas&nbsp;sobre&nbsp;o&nbsp;processo&nbsp;dever\u00e3o&nbsp;ser&nbsp;encaminhadas&nbsp;para <strong>subsequente.valenca@alunos.ifbaiano.edu.br<\/strong>.<\/p>\n\n\n\n<hr class=\"wp-block-separator has-text-color has-background has-cyan-bluish-gray-background-color has-cyan-bluish-gray-color is-style-wide\" \/>\n\n\n\n<p><strong>Editais e Documentos<\/strong><\/p>\n\n\n\n<div class=\"wp-block-file\"><a href=\"https:\/\/www.ifbaiano.edu.br\/unidades\/valenca\/files\/2022\/01\/Lista-de-Matriculados.pdf\">Lista de Matriculados<\/a><\/div>\n\n\n\n<p><a href=\"https:\/\/www.ifbaiano.edu.br\/unidades\/valenca\/files\/2022\/02\/Edital-de-Prorrogacao-no-06-Cursos-Subsequentes.pdf\" target=\"_blank\" rel=\"noreferrer noopener\">Edital de Prorroga\u00e7\u00e3o n\u00ba 06<\/a><\/p>\n\n\n\n<div class=\"wp-block-file\"><a href=\"https:\/\/www.ifbaiano.edu.br\/unidades\/valenca\/files\/2022\/01\/Edital-no-06-Vagas-remanescentes-em-cursos-tecnicos-na-forma-Subsequente-ao-Ensino-Medio.pdf\">Edital n\u00ba 06<\/a><\/div>\n","protected":false},"excerpt":{"rendered":"<p>As inscri\u00e7\u00f5es foram prorrogadas at\u00e9 o dia 04 de mar\u00e7o. Inscreva-se aqui. O Instituto Federal Baiano,&nbsp;Campus Valen\u00e7a, atrav\u00e9s do Edital n\u00ba 06, de 14 de janeiro de 2022, torna p\u00fablica a abertura de inscri\u00e7\u00f5es para vagas remanescentes oriundas do processo de ingresso de estudantes em 2021, nos cursos da Educa\u00e7\u00e3o Profissional T\u00e9cnica de N\u00edvel M\u00e9dio, [&hellip;]<\/p>\n","protected":false},"author":146,"featured_media":7127,"comment_status":"open","ping_status":"open","sticky":false,"template":"","format":"standard","meta":[],"categories":[60,13,5,35,61,36,9,63],"tags":[138,71,119,64,81,80,103,117],"_links":{"self":[{"href":"https:\/\/www.ifbaiano.edu.br\/unidades\/valenca\/wp-json\/wp\/v2\/posts\/7117"}],"collection":[{"href":"https:\/\/www.ifbaiano.edu.br\/unidades\/valenca\/wp-json\/wp\/v2\/posts"}],"about":[{"href":"https:\/\/www.ifbaiano.edu.br\/unidades\/valenca\/wp-json\/wp\/v2\/types\/post"}],"author":[{"embeddable":true,"href":"https:\/\/www.ifbaiano.edu.br\/unidades\/valenca\/wp-json\/wp\/v2\/users\/146"}],"replies":[{"embeddable":true,"href":"https:\/\/www.ifbaiano.edu.br\/unidades\/valenca\/wp-json\/wp\/v2\/comments?post=7117"}],"version-history":[{"count":11,"href":"https:\/\/www.ifbaiano.edu.br\/unidades\/valenca\/wp-json\/wp\/v2\/posts\/7117\/revisions"}],"predecessor-version":[{"id":7199,"href":"https:\/\/www.ifbaiano.edu.br\/unidades\/valenca\/wp-json\/wp\/v2\/posts\/7117\/revisions\/7199"}],"wp:featuredmedia":[{"embeddable":true,"href":"https:\/\/www.ifbaiano.edu.br\/unidades\/valenca\/wp-json\/wp\/v2\/media\/7127"}],"wp:attachment":[{"href":"https:\/\/www.ifbaiano.edu.br\/unidades\/valenca\/wp-json\/wp\/v2\/media?parent=7117"}],"wp:term":[{"taxonomy":"category","embeddable":true,"href":"https:\/\/www.ifbaiano.edu.br\/unidades\/valenca\/wp-json\/wp\/v2\/categories?post=7117"},{"taxonomy":"post_tag","embeddable":true,"href":"https:\/\/www.ifbaiano.edu.br\/unidades\/valenca\/wp-json\/wp\/v2\/tags?post=7117"}],"curies":[{"name":"wp","href":"https:\/\/api.w.org\/{rel}","templated":true}]}}