{"id":7129,"date":"2022-02-03T13:18:13","date_gmt":"2022-02-03T16:18:13","guid":{"rendered":"https:\/\/www.ifbaiano.edu.br\/unidades\/valenca\/?p=7129"},"modified":"2022-07-08T09:51:08","modified_gmt":"2022-07-08T12:51:08","slug":"sisu-2022-if-baiano-campus-valenca-ofertara-40-vagas","status":"publish","type":"post","link":"https:\/\/www.ifbaiano.edu.br\/unidades\/valenca\/2022\/02\/03\/sisu-2022-if-baiano-campus-valenca-ofertara-40-vagas\/","title":{"rendered":"SiSU 2022: IF Baiano Campus Valen\u00e7a ofertar\u00e1 40 vagas"},"content":{"rendered":"\n<p><em>Per\u00edodo de inscri\u00e7\u00e3o para o SiSU 2022 ser\u00e1 de 15 a 18 de fevereiro<\/em><\/p>\n\n\n\n<p>O Instituto Federal Baiano (IF Baiano) tem 860 vagas em cursos de gradua\u00e7\u00e3o, para ingresso em 2022, sendo ofertadas via Sistema de Sele\u00e7\u00e3o Unificada (SiSU).  Desse total, o <em>Campus <\/em>Valen\u00e7a ofertar\u00e1 40 vagas para o curso de Licenciatura em Ci\u00eancias Biol\u00f3gicas. Interessados podem se inscrever, exclusivamente pela internet, por meio do site <a href=\"https:\/\/sisu.mec.gov.br\/\">https:\/\/sisu.mec.gov.br\/<\/a>.<\/p>\n\n\n\n<p>Pode participar do SiSU quem fez as provas da edi\u00e7\u00e3o 2021 do Exame Nacional do Ensino M\u00e9dio (Enem) e que, cumulativamente, tenha obtido nota acima de zero na prova de reda\u00e7\u00e3o. As notas do Enem, segundo o INEP,&nbsp;<a href=\"https:\/\/www.gov.br\/mec\/pt-br\/assuntos\/noticias\/resultados-do-enem-2021-serao-divulgados-em-11-2\">ser\u00e3o divulgadas no dia 11 de fevereiro<\/a>.&nbsp;<\/p>\n\n\n\n<p>O resultado da Chamada Regular, com a lista de candidatos aprovados, est\u00e1&nbsp;prevista para 22 de fevereiro de 2022, e ser\u00e1 disponibilizado no site do SiSU e do IF Baiano. Ap\u00f3s o resultado, orienta\u00e7\u00f5es para matr\u00edcula ser\u00e3o divulgadas na p\u00e1gina&nbsp;<a href=\"https:\/\/concurso.ifbaiano.edu.br\/portal\/sisu2022-1\/\">https:\/\/concurso.ifbaiano.edu.br\/portal\/sisu2022-1\/<\/a>.&nbsp;<\/p>\n\n\n\n<hr class=\"wp-block-separator is-style-wide\" \/>\n\n\n\n<div class=\"wp-block-columns is-layout-flex wp-container-4\">\n<div class=\"wp-block-column is-layout-flow\">\n<pre class=\"wp-block-code has-normal-font-size\"><code><strong>Inscri\u00e7\u00f5es<\/strong>\n\nPer\u00edodo de inscri\u00e7\u00f5es: <strong>15 a 18 de fevereiro<\/strong> de 2022.<\/code><\/pre>\n\n\n\n<div class=\"wp-block-buttons is-layout-flex\">\n<div class=\"wp-block-button has-custom-font-size is-style-outline has-normal-font-size\"><a class=\"wp-block-button__link has-white-color has-text-color has-background\" href=\"https:\/\/concurso.ifbaiano.edu.br\/portal\/sisu2022-1\/\" style=\"background:linear-gradient(135deg,rgb(215,236,159) 0%,rgb(152,229,163) 100%)\" target=\"_blank\" rel=\"noreferrer noopener\">Inscreva-se aqui<\/a><\/div>\n<\/div>\n<\/div>\n\n\n\n<div class=\"wp-block-column is-layout-flow\">\n<figure class=\"wp-block-image size-full is-resized is-style-default\"><img decoding=\"async\" loading=\"lazy\" src=\"https:\/\/www.ifbaiano.edu.br\/unidades\/valenca\/files\/2022\/02\/2ac1b53a-0035-4d0c-8b07-8a1039e3ba0a.jpg\" alt=\"\" class=\"wp-image-7133\" width=\"402\" height=\"402\" \/><\/figure>\n<\/div>\n<\/div>\n\n\n\n<hr class=\"wp-block-separator is-style-wide\" \/>\n\n\n\n<p class=\"has-text-color has-normal-font-size\" style=\"color:#0e4221\"><strong>Editais e Documentos<\/strong><\/p>\n\n\n\n<div class=\"wp-block-file\"><a href=\"https:\/\/www.ifbaiano.edu.br\/unidades\/valenca\/files\/2022\/02\/4a-Chamada-Lista-de-Espera-\u2013-Campus-Valenca.pdf\"><strong>4\u00aa Chamada Lista de Espera \u2013 Campus Valen\u00e7a<\/strong><\/a><\/div>\n\n\n\n<div class=\"wp-block-file\"><a href=\"https:\/\/www.ifbaiano.edu.br\/unidades\/valenca\/files\/2022\/02\/3a-Chamada-Lista-de-Espera-\u2013-Campus-Valenca.pdf\"><strong>3\u00aa Chamada Lista de Espera \u2013 Campus Valen\u00e7a<\/strong><\/a><\/div>\n\n\n\n<div class=\"wp-block-file\"><a href=\"https:\/\/www.ifbaiano.edu.br\/unidades\/valenca\/files\/2022\/02\/Edital-de-Retificacao-no-26-Alteracao-do-Cronograma.pdf\"><strong>Edital de Retifica\u00e7\u00e3o n\u00ba 26 \u2013 Altera\u00e7\u00e3o do Cronograma<\/strong><\/a><\/div>\n\n\n\n<div class=\"wp-block-file\"><a href=\"https:\/\/www.ifbaiano.edu.br\/unidades\/valenca\/files\/2022\/02\/2a-Chamada-Lista-de-Espera-Campus-Valenca.pdf\"><strong>2\u00aa Chamada Lista de Espera \u2013 Campus Valen\u00e7a<\/strong><\/a><\/div>\n\n\n\n<div class=\"wp-block-file\"><a href=\"https:\/\/www.ifbaiano.edu.br\/unidades\/valenca\/files\/2022\/02\/Edital-de-Retificacao-no-24-Alteracao-do-cronograma.pdf\"><strong>Edital de Retifica\u00e7\u00e3o n\u00ba 24 \u2013 Altera\u00e7\u00e3o do cronograma<\/strong><\/a><\/div>\n\n\n\n<div class=\"wp-block-file\"><a href=\"https:\/\/www.ifbaiano.edu.br\/unidades\/valenca\/files\/2022\/02\/1a-Lista-de-Espera-Campus-Valenca.pdf\"><strong>1\u00aa Chamada Lista de Espera \u2013 Campus Valen\u00e7a<\/strong><\/a><\/div>\n\n\n\n<div class=\"wp-block-file\"><a href=\"https:\/\/www.ifbaiano.edu.br\/unidades\/valenca\/files\/2022\/02\/Resultado-Chamada-Regular-Campus-Valenca.pdf\"><strong>Resultado Chamada Regular \u2013 Campus Valen\u00e7a<\/strong><\/a><\/div>\n\n\n\n<div class=\"wp-block-file\"><a href=\"https:\/\/www.ifbaiano.edu.br\/unidades\/valenca\/files\/2022\/02\/Edital-20_2022-Chamada-para-Matriculas-e-Listas-de-Espera-SISU-2022.1.pdf\"><strong>Edital n\u00ba 20 \u2013 Chamada para Matr\u00edculas e Listas de Espera<\/strong><\/a><\/div>\n\n\n\n<div class=\"wp-block-file\"><a href=\"https:\/\/www.ifbaiano.edu.br\/unidades\/valenca\/files\/2022\/02\/Retificacao-do-Edital.pdf\"><strong>Retifica\u00e7\u00e3o do Edital<\/strong><\/a><\/div>\n\n\n\n<p><a href=\"https:\/\/concurso.ifbaiano.edu.br\/portal\/sisu2022-1\/wp-content\/uploads\/sites\/520\/2022\/01\/Edital-05_2022-SISU-2022_1.pdf\"><strong>Edital n\u00ba 05<\/strong><\/a> <\/p>\n\n\n\n<p><a href=\"https:\/\/concurso.ifbaiano.edu.br\/portal\/sisu2022-1\/wp-content\/uploads\/sites\/520\/2021\/11\/termo_adesao_14509_IFBAIANO-4.pdf\"><strong>Termo de Ades\u00e3o \u2013 14509<\/strong><\/a> <\/p>\n\n\n\n<hr class=\"wp-block-separator is-style-wide\" \/>\n\n\n\n<p class=\"has-text-color has-normal-font-size\" style=\"color:#0e4221\"><strong>Mais informa\u00e7\u00f5es<\/strong><\/p>\n\n\n\n<p>Detalhes sobre o processo de inscri\u00e7\u00f5es, cronograma e matr\u00edculas est\u00e3o dispon\u00edveis no&nbsp;<a href=\"https:\/\/concurso.ifbaiano.edu.br\/portal\/sisu2022-1\/wp-content\/uploads\/sites\/520\/2022\/01\/Edital-05_2022-SISU-2022_1.pdf\">Edital n\u00ba05\/2022<\/a>.&nbsp;<\/p>\n\n\n\n<p style=\"font-size:15px\">Acompanhe as atualiza\u00e7\u00f5es sobre o SiSU 2022 no IF Baiano, na p\u00e1gina:&nbsp;<a href=\"https:\/\/concurso.ifbaiano.edu.br\/portal\/sisu2022-1\/\" data-type=\"URL\" data-id=\"https:\/\/concurso.ifbaiano.edu.br\/portal\/sisu2022-1\/\"><\/a><a href=\"https:\/\/concurso.ifbaiano.edu.br\/portal\/sisu2022-1\/\">https:\/\/concurso.ifbaiano.edu.br\/portal\/sisu2022-1<\/a>\/.<\/p>\n","protected":false},"excerpt":{"rendered":"<p>Per\u00edodo de inscri\u00e7\u00e3o para o SiSU 2022 ser\u00e1 de 15 a 18 de fevereiro O Instituto Federal Baiano (IF Baiano) tem 860 vagas em cursos de gradua\u00e7\u00e3o, para ingresso em 2022, sendo ofertadas via Sistema de Sele\u00e7\u00e3o Unificada (SiSU). Desse total, o Campus Valen\u00e7a ofertar\u00e1 40 vagas para o curso de Licenciatura em Ci\u00eancias Biol\u00f3gicas. [&hellip;]<\/p>\n","protected":false},"author":146,"featured_media":7133,"comment_status":"open","ping_status":"open","sticky":false,"template":"","format":"standard","meta":[],"categories":[4,60,12,5,35,48,61,36,30,9,32,63],"tags":[71,64,125,154],"_links":{"self":[{"href":"https:\/\/www.ifbaiano.edu.br\/unidades\/valenca\/wp-json\/wp\/v2\/posts\/7129"}],"collection":[{"href":"https:\/\/www.ifbaiano.edu.br\/unidades\/valenca\/wp-json\/wp\/v2\/posts"}],"about":[{"href":"https:\/\/www.ifbaiano.edu.br\/unidades\/valenca\/wp-json\/wp\/v2\/types\/post"}],"author":[{"embeddable":true,"href":"https:\/\/www.ifbaiano.edu.br\/unidades\/valenca\/wp-json\/wp\/v2\/users\/146"}],"replies":[{"embeddable":true,"href":"https:\/\/www.ifbaiano.edu.br\/unidades\/valenca\/wp-json\/wp\/v2\/comments?post=7129"}],"version-history":[{"count":23,"href":"https:\/\/www.ifbaiano.edu.br\/unidades\/valenca\/wp-json\/wp\/v2\/posts\/7129\/revisions"}],"predecessor-version":[{"id":7387,"href":"https:\/\/www.ifbaiano.edu.br\/unidades\/valenca\/wp-json\/wp\/v2\/posts\/7129\/revisions\/7387"}],"wp:featuredmedia":[{"embeddable":true,"href":"https:\/\/www.ifbaiano.edu.br\/unidades\/valenca\/wp-json\/wp\/v2\/media\/7133"}],"wp:attachment":[{"href":"https:\/\/www.ifbaiano.edu.br\/unidades\/valenca\/wp-json\/wp\/v2\/media?parent=7129"}],"wp:term":[{"taxonomy":"category","embeddable":true,"href":"https:\/\/www.ifbaiano.edu.br\/unidades\/valenca\/wp-json\/wp\/v2\/categories?post=7129"},{"taxonomy":"post_tag","embeddable":true,"href":"https:\/\/www.ifbaiano.edu.br\/unidades\/valenca\/wp-json\/wp\/v2\/tags?post=7129"}],"curies":[{"name":"wp","href":"https:\/\/api.w.org\/{rel}","templated":true}]}}