{"id":715,"date":"2011-09-23T12:43:08","date_gmt":"2011-09-23T12:43:08","guid":{"rendered":"http:\/\/www.ifbaiano.edu.br\/unidades\/valenca\/?p=715"},"modified":"2011-09-23T12:43:08","modified_gmt":"2011-09-23T12:43:08","slug":"proxima-aula-show-promovida-pela-cooperativa-escola-do-campus-valenca-sera-dia-2409","status":"publish","type":"post","link":"https:\/\/www.ifbaiano.edu.br\/unidades\/valenca\/2011\/09\/23\/proxima-aula-show-promovida-pela-cooperativa-escola-do-campus-valenca-sera-dia-2409\/","title":{"rendered":"Pr\u00f3xima aula show promovida pela Cooperativa Escola do campus Valen\u00e7a ser\u00e1 dia 24\/09"},"content":{"rendered":"<p>A segunda aula Show promovida pela COOPERMAC (Cooperativa Escola do <em>campus<\/em> Valen\u00e7a) em parceria com o SESCOOPE\/BA (Servi\u00e7o Nacional de Aprendizagem do Cooperativismo) e a OCEB (Organiza\u00e7\u00e3o das Cooperativas do Estado da Bahia) ser\u00e1 pr\u00f3ximo dia 24\/09 (s\u00e1bado), no audit\u00f3rio do <em>Campus<\/em>, durante todo o dia. Desta vez as aulas ser\u00e3o de F\u00edsica e Matem\u00e1tica.<\/p>\n<p align=\"JUSTIFY\">O evento que tem por objetivo promover e socializar informa\u00e7\u00f5es das disciplinas de Reda\u00e7\u00e3o, L\u00edngua Portuguesa, F\u00edsica e Matem\u00e1tica para os estudantes que pretendem fazer ENEM e vestibulares est\u00e1 aberta aos alunos do IF Baiano e IFBA, Campus Valen\u00e7a, somando um total de 150 vagas.<\/p>\n","protected":false},"excerpt":{"rendered":"<p>A segunda aula Show promovida pela COOPERMAC (Cooperativa Escola do campus Valen\u00e7a) em parceria com o SESCOOPE\/BA (Servi\u00e7o Nacional de Aprendizagem do Cooperativismo) e a OCEB (Organiza\u00e7\u00e3o das Cooperativas do Estado da Bahia) ser\u00e1 pr\u00f3ximo dia 24\/09 (s\u00e1bado), no audit\u00f3rio do Campus, durante todo o dia. Desta vez as aulas ser\u00e3o de F\u00edsica e Matem\u00e1tica. [&hellip;]<\/p>\n","protected":false},"author":6,"featured_media":0,"comment_status":"open","ping_status":"open","sticky":false,"template":"","format":"standard","meta":[],"categories":[5,26],"tags":[],"_links":{"self":[{"href":"https:\/\/www.ifbaiano.edu.br\/unidades\/valenca\/wp-json\/wp\/v2\/posts\/715"}],"collection":[{"href":"https:\/\/www.ifbaiano.edu.br\/unidades\/valenca\/wp-json\/wp\/v2\/posts"}],"about":[{"href":"https:\/\/www.ifbaiano.edu.br\/unidades\/valenca\/wp-json\/wp\/v2\/types\/post"}],"author":[{"embeddable":true,"href":"https:\/\/www.ifbaiano.edu.br\/unidades\/valenca\/wp-json\/wp\/v2\/users\/6"}],"replies":[{"embeddable":true,"href":"https:\/\/www.ifbaiano.edu.br\/unidades\/valenca\/wp-json\/wp\/v2\/comments?post=715"}],"version-history":[{"count":2,"href":"https:\/\/www.ifbaiano.edu.br\/unidades\/valenca\/wp-json\/wp\/v2\/posts\/715\/revisions"}],"predecessor-version":[{"id":717,"href":"https:\/\/www.ifbaiano.edu.br\/unidades\/valenca\/wp-json\/wp\/v2\/posts\/715\/revisions\/717"}],"wp:attachment":[{"href":"https:\/\/www.ifbaiano.edu.br\/unidades\/valenca\/wp-json\/wp\/v2\/media?parent=715"}],"wp:term":[{"taxonomy":"category","embeddable":true,"href":"https:\/\/www.ifbaiano.edu.br\/unidades\/valenca\/wp-json\/wp\/v2\/categories?post=715"},{"taxonomy":"post_tag","embeddable":true,"href":"https:\/\/www.ifbaiano.edu.br\/unidades\/valenca\/wp-json\/wp\/v2\/tags?post=715"}],"curies":[{"name":"wp","href":"https:\/\/api.w.org\/{rel}","templated":true}]}}