{"id":7186,"date":"2022-03-08T09:05:50","date_gmt":"2022-03-08T12:05:50","guid":{"rendered":"https:\/\/www.ifbaiano.edu.br\/unidades\/valenca\/?p=7186"},"modified":"2022-03-08T09:05:50","modified_gmt":"2022-03-08T12:05:50","slug":"campus-valenca-realiza-o-i-encontro-de-formacao-docente-de-2022-na-fazenda-aldeia","status":"publish","type":"post","link":"https:\/\/www.ifbaiano.edu.br\/unidades\/valenca\/2022\/03\/08\/campus-valenca-realiza-o-i-encontro-de-formacao-docente-de-2022-na-fazenda-aldeia\/","title":{"rendered":"Campus Valen\u00e7a realiza o I Encontro de Forma\u00e7\u00e3o Docente de 2022 na Fazenda Aldeia"},"content":{"rendered":"\n<p>Com o retorno das atividades presenciais do IF Baiano, nos dias 03 e 04 de mar\u00e7o de 2022, a Dire\u00e7\u00e3o Acad\u00eamica\/ Coordena\u00e7\u00e3o Geral de Ensino do campus Valen\u00e7a, em parceria com a Coordena\u00e7\u00e3o de Extens\u00e3o e com a Coordena\u00e7\u00e3o da Unidade Educativa do Campo (CUEC), realizaram um evento que reuniu docentes e equipe t\u00e9cnica para pensar a\u00e7\u00f5es de ensino, pesquisa e extens\u00e3o na Fazenda Aldeia.<\/p>\n\n\n\n<p>Inicialmente, as discuss\u00f5es foram realizadas no audit\u00f3rio do campus, seguindo todos os protocolos de seguran\u00e7a, de acordo com a Instru\u00e7\u00e3o Normativa 5\/2022, expedida pelo reitor e os diretores gerais dos campi do IF Baiano.<\/p>\n\n\n\n<p>Houve o momento de apresenta\u00e7\u00e3o dos novos servidores, apresenta\u00e7\u00e3o das atribui\u00e7\u00f5es e compet\u00eancias da Coordena\u00e7\u00e3o da Unidade Educativa do Campo (UEC) e avalia\u00e7\u00e3o da presen\u00e7a do IF Baiano no Territ\u00f3rio Baixo Sul.<\/p>\n\n\n\n<p><strong>Pensando a fazenda na Fazenda<\/strong><\/p>\n\n\n\n<p>O evento proporcionou aos participantes um momento de imers\u00e3o na Fazenda. A visita guiada foi realizada com a finalidade de demonstrar aos docentes as potencialidades naturais da Aldeia e as possibilidades de trabalho com estudante e a comunidade.<\/p>\n\n\n\n<p>A partir desse contato, grupos de docentes dividiram-se na sede para fazer o diagn\u00f3stico da UEC, utilizando-se da metodologia FOFA &#8211; Fortaleza\/Oportunidades &#8211; Fraquezas\/Amea\u00e7as. Surgiu da\u00ed um planejamento de a\u00e7\u00f5es de curto, m\u00e9dio e longo prazos, que ser\u00e3o executadas mediante as disponibilidades de recursos e a partir de cria\u00e7\u00e3o de projetos.<\/p>\n\n\n\n<p>O I Encontro de Forma\u00e7\u00e3o Docente de 2022 marca um novo direcionamento do campus Valen\u00e7a para a valoriza\u00e7\u00e3o das potencialidades dos recursos naturais da Fazenda e o consequente desenvolvimento do Territ\u00f3rio do Baixo Sul da Bahia.<br><\/p>\n","protected":false},"excerpt":{"rendered":"<p>Com o retorno das atividades presenciais do IF Baiano, nos dias 03 e 04 de mar\u00e7o de 2022, a Dire\u00e7\u00e3o Acad\u00eamica\/ Coordena\u00e7\u00e3o Geral de Ensino do campus Valen\u00e7a, em parceria com a Coordena\u00e7\u00e3o de Extens\u00e3o e com a Coordena\u00e7\u00e3o da Unidade Educativa do Campo (CUEC), realizaram um evento que reuniu docentes e equipe t\u00e9cnica para [&hellip;]<\/p>\n","protected":false},"author":146,"featured_media":0,"comment_status":"open","ping_status":"open","sticky":false,"template":"","format":"standard","meta":[],"categories":[6,61,26,36,63],"tags":[71,164,64],"_links":{"self":[{"href":"https:\/\/www.ifbaiano.edu.br\/unidades\/valenca\/wp-json\/wp\/v2\/posts\/7186"}],"collection":[{"href":"https:\/\/www.ifbaiano.edu.br\/unidades\/valenca\/wp-json\/wp\/v2\/posts"}],"about":[{"href":"https:\/\/www.ifbaiano.edu.br\/unidades\/valenca\/wp-json\/wp\/v2\/types\/post"}],"author":[{"embeddable":true,"href":"https:\/\/www.ifbaiano.edu.br\/unidades\/valenca\/wp-json\/wp\/v2\/users\/146"}],"replies":[{"embeddable":true,"href":"https:\/\/www.ifbaiano.edu.br\/unidades\/valenca\/wp-json\/wp\/v2\/comments?post=7186"}],"version-history":[{"count":1,"href":"https:\/\/www.ifbaiano.edu.br\/unidades\/valenca\/wp-json\/wp\/v2\/posts\/7186\/revisions"}],"predecessor-version":[{"id":7196,"href":"https:\/\/www.ifbaiano.edu.br\/unidades\/valenca\/wp-json\/wp\/v2\/posts\/7186\/revisions\/7196"}],"wp:attachment":[{"href":"https:\/\/www.ifbaiano.edu.br\/unidades\/valenca\/wp-json\/wp\/v2\/media?parent=7186"}],"wp:term":[{"taxonomy":"category","embeddable":true,"href":"https:\/\/www.ifbaiano.edu.br\/unidades\/valenca\/wp-json\/wp\/v2\/categories?post=7186"},{"taxonomy":"post_tag","embeddable":true,"href":"https:\/\/www.ifbaiano.edu.br\/unidades\/valenca\/wp-json\/wp\/v2\/tags?post=7186"}],"curies":[{"name":"wp","href":"https:\/\/api.w.org\/{rel}","templated":true}]}}