{"id":722,"date":"2011-09-26T07:35:10","date_gmt":"2011-09-26T07:35:10","guid":{"rendered":"http:\/\/www.ifbaiano.edu.br\/unidades\/valenca\/?p=722"},"modified":"2011-09-23T13:50:17","modified_gmt":"2011-09-23T13:50:17","slug":"if-baiano-lanca-programa-de-apoio-a-qualificacao","status":"publish","type":"post","link":"https:\/\/www.ifbaiano.edu.br\/unidades\/valenca\/2011\/09\/26\/if-baiano-lanca-programa-de-apoio-a-qualificacao\/","title":{"rendered":"IF Baiano lan\u00e7a Programa de Apoio a Qualifica\u00e7\u00e3o"},"content":{"rendered":"<p align=\"JUSTIFY\">Lan\u00e7ado o edital de sele\u00e7\u00e3o para concess\u00e3o de aux\u00edlio financeiro para todos os servidores, em exerc\u00edcio na Reitoria, que estejam matriculados em cursos de gradua\u00e7\u00e3o ou p\u00f3s-gradua\u00e7\u00e3o da Rede Privada de Ensino. <strong>O per\u00edodo de inscri\u00e7\u00f5es \u00e9 de 26 a 30 de setembro.<\/strong><\/p>\n<p align=\"JUSTIFY\">O apoio financeiro ser\u00e1 concedido, via ressarcimento parcial, de 30% da mensalidade do curso, com dura\u00e7\u00e3o m\u00e1xima de at\u00e9 24 meses. A bolsa dever\u00e1 ser concedida ao final deste ano, ap\u00f3s a homologa\u00e7\u00e3o do resultado da sele\u00e7\u00e3o.<\/p>\n<p align=\"JUSTIFY\">Para concorrer, o servidor deve estar em exerc\u00edcio efetivo na Reitoria e estar regularmente matriculado em curso de gradua\u00e7\u00e3o ou especializa\u00e7\u00e3o, reconhecido pelo MEC, ou de mestrado ou doutorado, recomendado pela CAPES.<\/p>\n<p align=\"JUSTIFY\">Para participar da sele\u00e7\u00e3o, os candidatos dever\u00e3o preencher a <a href=\"..\/..\/..\/portal\/?p=6557\" target=\"_blank\">ficha de inscri\u00e7\u00e3o<\/a> e anexar:<\/p>\n<ul>\n<li>\n<p align=\"JUSTIFY\">c\u00f3pia do diploma;<\/p>\n<\/li>\n<\/ul>\n<ul>\n<li>\n<p align=\"JUSTIFY\">comprovante de matr\u00edcula no curso ou de aprova\u00e7\u00e3o em sele\u00e7\u00e3o (o candidato que ainda n\u00e3o estiver matriculado poder\u00e1 participar da sele\u00e7\u00e3o, mas o recebimento do aux\u00edlio ficar\u00e1 condicionado \u00e0 comprova\u00e7\u00e3o de matr\u00edcula);<\/p>\n<\/li>\n<\/ul>\n<ul>\n<li>\n<p align=\"JUSTIFY\">programa do curso constando a carga hor\u00e1ria, a grade curricular, o valor total do curso e da mensalidade;<\/p>\n<\/li>\n<\/ul>\n<ul>\n<li>\n<p align=\"JUSTIFY\">o termo de compromisso e<\/p>\n<\/li>\n<\/ul>\n<ul>\n<li>\n<p align=\"JUSTIFY\">as declara\u00e7\u00f5es de que n\u00e3o est\u00e1 respondendo a Processo Administrativo Disciplinar e de que n\u00e3o est\u00e1 recebendo aux\u00edlio financeiro para realizar o curso.<\/p>\n<\/li>\n<\/ul>\n<p align=\"JUSTIFY\">Os documentos dever\u00e3o ser entregues na Diretoria de Gest\u00e3o de Pessoas. O resultado final da sele\u00e7\u00e3o ser\u00e1 divulgado no dia 19 de outubro.<\/p>\n<p align=\"JUSTIFY\">Informa\u00e7\u00f5es adicionais sobre o Programa poder\u00e3o ser encaminhadas para <a href=\"mailto:franciane.morais@ifbaiano.edu.br\">franciane.morais@ifbaiano.edu.br<\/a> ou <a href=\"mailto:aroldo.minas@ifbaiano.edu.br\">aroldo.minas@ifbaiano.edu.br<\/a> ou atrav\u00e9s do telefone: (71) 3186-0047.<\/p>\n<p align=\"JUSTIFY\"><strong><span style=\"color: #ff0000\">Confira <\/span><\/strong><a href=\"..\/..\/..\/portal\/?p=6557\" target=\"_blank\">o <\/a><a href=\"..\/..\/..\/portal\/?p=6557\" target=\"_blank\">edital, os anexos e a ficha de inscri\u00e7\u00e3o<\/a><a href=\"..\/..\/..\/portal\/?p=6557\" target=\"_blank\">.<\/a><\/p>\n<h3 align=\"JUSTIFY\"><strong><span>Servi\u00e7o<\/span><\/strong><\/h3>\n<p align=\"JUSTIFY\"><strong>O que?<\/strong> Lan\u00e7amento de edital de sele\u00e7\u00e3o para Apoio a Qualifica\u00e7\u00e3o<\/p>\n<p align=\"JUSTIFY\"><strong>Quando?<\/strong> Inscri\u00e7\u00f5es de 26 a 30 de setembro<\/p>\n<p align=\"JUSTIFY\"><strong>Onde?<\/strong> Diretoria de Gest\u00e3o de Pessoas \u2013 Av. Paulo VI, 642, Pituba \u2013 Salvador<\/p>\n<p align=\"JUSTIFY\"><strong>D\u00favidas?<\/strong> Ligue para o N\u00facleo de Capacita\u00e7\u00e3o: (71) 3186-0047 ou envie um <em>e-mail<\/em> para: <a href=\"mailto:franciane.morais@ifbaiano.edu.br\">franciane.morais@ifbaiano.edu.br<\/a> ou <a href=\"mailto:aroldo.minas@ifbaiano.edu.br\">aroldo.minas@ifbaiano.edu.br<\/a><\/p>\n","protected":false},"excerpt":{"rendered":"<p>Lan\u00e7ado o edital de sele\u00e7\u00e3o para concess\u00e3o de aux\u00edlio financeiro para todos os servidores, em exerc\u00edcio na Reitoria, que estejam matriculados em cursos de gradua\u00e7\u00e3o ou p\u00f3s-gradua\u00e7\u00e3o da Rede Privada de Ensino. O per\u00edodo de inscri\u00e7\u00f5es \u00e9 de 26 a 30 de setembro. O apoio financeiro ser\u00e1 concedido, via ressarcimento parcial, de 30% da mensalidade [&hellip;]<\/p>\n","protected":false},"author":6,"featured_media":0,"comment_status":"open","ping_status":"open","sticky":false,"template":"","format":"standard","meta":[],"categories":[8],"tags":[],"_links":{"self":[{"href":"https:\/\/www.ifbaiano.edu.br\/unidades\/valenca\/wp-json\/wp\/v2\/posts\/722"}],"collection":[{"href":"https:\/\/www.ifbaiano.edu.br\/unidades\/valenca\/wp-json\/wp\/v2\/posts"}],"about":[{"href":"https:\/\/www.ifbaiano.edu.br\/unidades\/valenca\/wp-json\/wp\/v2\/types\/post"}],"author":[{"embeddable":true,"href":"https:\/\/www.ifbaiano.edu.br\/unidades\/valenca\/wp-json\/wp\/v2\/users\/6"}],"replies":[{"embeddable":true,"href":"https:\/\/www.ifbaiano.edu.br\/unidades\/valenca\/wp-json\/wp\/v2\/comments?post=722"}],"version-history":[{"count":2,"href":"https:\/\/www.ifbaiano.edu.br\/unidades\/valenca\/wp-json\/wp\/v2\/posts\/722\/revisions"}],"predecessor-version":[{"id":724,"href":"https:\/\/www.ifbaiano.edu.br\/unidades\/valenca\/wp-json\/wp\/v2\/posts\/722\/revisions\/724"}],"wp:attachment":[{"href":"https:\/\/www.ifbaiano.edu.br\/unidades\/valenca\/wp-json\/wp\/v2\/media?parent=722"}],"wp:term":[{"taxonomy":"category","embeddable":true,"href":"https:\/\/www.ifbaiano.edu.br\/unidades\/valenca\/wp-json\/wp\/v2\/categories?post=722"},{"taxonomy":"post_tag","embeddable":true,"href":"https:\/\/www.ifbaiano.edu.br\/unidades\/valenca\/wp-json\/wp\/v2\/tags?post=722"}],"curies":[{"name":"wp","href":"https:\/\/api.w.org\/{rel}","templated":true}]}}