{"id":7234,"date":"2022-03-21T09:11:00","date_gmt":"2022-03-21T12:11:00","guid":{"rendered":"https:\/\/www.ifbaiano.edu.br\/unidades\/valenca\/?p=7234"},"modified":"2022-03-23T10:52:10","modified_gmt":"2022-03-23T13:52:10","slug":"campus-valenca-suspende-atividades-hoje-21-03-em-sinal-de-pesar","status":"publish","type":"post","link":"https:\/\/www.ifbaiano.edu.br\/unidades\/valenca\/2022\/03\/21\/campus-valenca-suspende-atividades-hoje-21-03-em-sinal-de-pesar\/","title":{"rendered":"Campus Valen\u00e7a suspende atividades hoje (21\/03) em sinal de pesar"},"content":{"rendered":"\n<p>O Diretor Geral do&nbsp;INSTITUTO FEDERAL DE EDUCA\u00c7\u00c3O, CI\u00caNCIA E TECNOLOGIA BAIANO &#8211; IF BAIANO CAMPUS VALEN\u00c7A, no uso de suas atribui\u00e7\u00f5es legais delegadas pela Portaria n\u00b0 453 de 19\/03\/18, D.O.U de 20\/03\/18, RESOLVE:<br><br>Art. 1\u00ba &#8211; Declarar a suspens\u00e3o das atividades administrativas e acad\u00eamicas no Campus Valen\u00e7a, por 1 (um) dia \u00fatil, em sinal de pesar pelo falecimento do servidor <strong>S\u00e9rgio Ricardo Matos Almeida<\/strong>, ocupante do cargo de Professor do Ensino B\u00e1sico, T\u00e9cnico e Tecnol\u00f3gico.<\/p>\n\n\n\n<hr class=\"wp-block-separator has-text-color has-background has-black-background-color has-black-color is-style-wide\" \/>\n\n\n\n<p><strong> <a href=\"https:\/\/www.ifbaiano.edu.br\/unidades\/valenca\/files\/2022\/03\/Portaria-7-2022-Suspensao-das-atividades-em-sinal-de-pesar.pdf\" data-type=\"URL\" data-id=\"https:\/\/www.ifbaiano.edu.br\/unidades\/valenca\/files\/2022\/03\/Portaria-7-2022-Suspensao-das-atividades-em-sinal-de-pesar.pdf\">Portaria 7\/2022 de 20 de mar\u00e7o de 2022<\/a><\/strong> <\/p>\n","protected":false},"excerpt":{"rendered":"<p>O Diretor Geral do&nbsp;INSTITUTO FEDERAL DE EDUCA\u00c7\u00c3O, CI\u00caNCIA E TECNOLOGIA BAIANO &#8211; IF BAIANO CAMPUS VALEN\u00c7A, no uso de suas atribui\u00e7\u00f5es legais delegadas pela Portaria n\u00b0 453 de 19\/03\/18, D.O.U de 20\/03\/18, RESOLVE: Art. 1\u00ba &#8211; Declarar a suspens\u00e3o das atividades administrativas e acad\u00eamicas no Campus Valen\u00e7a, por 1 (um) dia \u00fatil, em sinal de [&hellip;]<\/p>\n","protected":false},"author":146,"featured_media":5243,"comment_status":"open","ping_status":"open","sticky":false,"template":"","format":"standard","meta":[],"categories":[4,7,36,63],"tags":[64,169,168],"_links":{"self":[{"href":"https:\/\/www.ifbaiano.edu.br\/unidades\/valenca\/wp-json\/wp\/v2\/posts\/7234"}],"collection":[{"href":"https:\/\/www.ifbaiano.edu.br\/unidades\/valenca\/wp-json\/wp\/v2\/posts"}],"about":[{"href":"https:\/\/www.ifbaiano.edu.br\/unidades\/valenca\/wp-json\/wp\/v2\/types\/post"}],"author":[{"embeddable":true,"href":"https:\/\/www.ifbaiano.edu.br\/unidades\/valenca\/wp-json\/wp\/v2\/users\/146"}],"replies":[{"embeddable":true,"href":"https:\/\/www.ifbaiano.edu.br\/unidades\/valenca\/wp-json\/wp\/v2\/comments?post=7234"}],"version-history":[{"count":11,"href":"https:\/\/www.ifbaiano.edu.br\/unidades\/valenca\/wp-json\/wp\/v2\/posts\/7234\/revisions"}],"predecessor-version":[{"id":7266,"href":"https:\/\/www.ifbaiano.edu.br\/unidades\/valenca\/wp-json\/wp\/v2\/posts\/7234\/revisions\/7266"}],"wp:featuredmedia":[{"embeddable":true,"href":"https:\/\/www.ifbaiano.edu.br\/unidades\/valenca\/wp-json\/wp\/v2\/media\/5243"}],"wp:attachment":[{"href":"https:\/\/www.ifbaiano.edu.br\/unidades\/valenca\/wp-json\/wp\/v2\/media?parent=7234"}],"wp:term":[{"taxonomy":"category","embeddable":true,"href":"https:\/\/www.ifbaiano.edu.br\/unidades\/valenca\/wp-json\/wp\/v2\/categories?post=7234"},{"taxonomy":"post_tag","embeddable":true,"href":"https:\/\/www.ifbaiano.edu.br\/unidades\/valenca\/wp-json\/wp\/v2\/tags?post=7234"}],"curies":[{"name":"wp","href":"https:\/\/api.w.org\/{rel}","templated":true}]}}